{"id":82182,"date":"2025-07-08T09:15:00","date_gmt":"2025-07-08T15:15:00","guid":{"rendered":"https:\/\/zonaroja.com.mx\/?p=82182"},"modified":"2025-07-08T07:13:00","modified_gmt":"2025-07-08T13:13:00","slug":"comunidades-aun-enfrentan-retos-para-conseguir-autorizaciones-sobre-la-cannabis","status":"publish","type":"post","link":"https:\/\/zonaroja.com.mx\/?p=82182","title":{"rendered":"Comunidades a\u00fan enfrentan retos para conseguir autorizaciones sobre la cannabis"},"content":{"rendered":"\n<p>Lisbeth Mej\u00eda Reyes\/Zona Roja.&nbsp;<\/p>\n\n\n\n<p>Oaxaca, Oax., a 8 de julio de 2025.- Los pueblos y comunidades ind\u00edgenas de Oaxaca siguen enfrentando estigmas y retos para el uso medicinal de la cannabis a cuatro a\u00f1os de que la Suprema Corte de Justicia de la Naci\u00f3n (SCJN) aprob\u00f3 por mayor\u00eda la Declaratoria General de Inconstitucionalidad con la que se elimina la prohibici\u00f3n absoluta de la cannabis y se aval\u00f3 la legalizaci\u00f3n del consumo de la marihuana con fines l\u00fadicos o recreativos.<\/p>\n\n\n\n<p>Se ha limitado el acceso a las autorizaciones sanitarias de parte de la Comisi\u00f3n Federal para la Protecci\u00f3n contra Riesgos Sanitarios (Cofepris), se\u00f1ala Alma Eustolia Reyes Zurita, presidenta del Centro Cultural de la Comunidades Unidas para el Uso L\u00fadico y M\u00e9dico de la Cannabis, asociaci\u00f3n civil.<\/p>\n\n\n\n<p>A la fecha, la asociaci\u00f3n ha tramitado y conseguido 168 autorizaciones sanitarias entre 2023 y 2024 para las comunidades de Sitio del Palmar, San Esteban Amatl\u00e1n, La Escalera, La Chihuizo y Miahuatl\u00e1n de Porfirio D\u00edaz.<\/p>\n\n\n\n<p>Sin embargo, conseguirlas no solo implica procesos burocr\u00e1ticos sino gastos, pero que desde la asociaci\u00f3n civil han procurado que el acompa\u00f1amiento sea de manera gratuita.<\/p>\n\n\n\n<p>\u00abLas autoridades todav\u00eda se resisten un poquito a dar las autorizaciones sanitarias. Normalmente, cuando uno hace la solicitud la Cofepris tiende a negarlas, por lo cual tenemos que hacer una denuncia de inconstitucionalidad ante el Poder Judicial Federal, para que ellos le den la indicaci\u00f3n de que nos den esa autorizaci\u00f3n sanitaria\u00bb, explica Alma Reyes sobre estos procesos.<\/p>\n\n\n\n<p>A partir de esta declaratoria, la asociaci\u00f3n civil ha trabajado con las comunidades ind\u00edgenas para darles a conocer los derechos que la ley tiene a su favor, especialmente porque a\u00fan hay varias poblaciones que desconocen de la declaratoria y tambi\u00e9n porque son comunidades que han sido criminalizadas por el cultivo y consumo de la cannabis, que muchas veces es con fin medicinales.<\/p>\n\n\n\n<p>La tambi\u00e9n activista explica que m\u00e1s all\u00e1 de la declaratoria de inconstitucionalidad, con la que se permiti\u00f3 avanzar en la discusi\u00f3n sobre el uso de la cannabis, a\u00fan se requiere de un trabajo legislativo para regular el cultivo, comercializaci\u00f3n y consumo de la cannabis.<\/p>\n\n\n\n<p>\u00abFalta legislaci\u00f3n que nos permita todav\u00eda una mejor regulaci\u00f3n al respecto para tener toda una trazabilidad para poder llegar a una industria\u00bb.<\/p>\n\n\n\n<p>La trazabilidad implica toda la cadena de producci\u00f3n y comercializaci\u00f3n de la cannabis, en la que la o el consumidor tenga la certeza de que lo que consume es un producto confiable. \u00abEs importante que la ley establezca c\u00f3mo se va a dar esta trazabilidad y que las comunidades ind\u00edgenas puedan apoyar en de proceso, al ser quienes conocen la planta\u00bb, apunta la activista.<\/p>\n","protected":false},"excerpt":{"rendered":"<p>Lisbeth Mej\u00eda Reyes\/Zona Roja.&nbsp; Oaxaca, Oax., a 8 de julio de 2025.- Los pueblos y&hellip;<\/p>\n","protected":false},"author":2,"featured_media":82183,"comment_status":"closed","ping_status":"open","sticky":false,"template":"","format":"standard","meta":{"_lmt_disableupdate":"","_lmt_disable":"","_jetpack_memberships_contains_paid_content":false,"footnotes":""},"categories":[109,47],"tags":[],"class_list":["post-82182","post","type-post","status-publish","format-standard","has-post-thumbnail","hentry","category-minuto-a-minuto","category-zona-gris"],"jetpack_featured_media_url":"https:\/\/zonaroja.com.mx\/wp-content\/uploads\/2025\/07\/Cannabis-uso-medicinal.jpg.webp","jetpack_sharing_enabled":true,"_links":{"self":[{"href":"https:\/\/zonaroja.com.mx\/index.php?rest_route=\/wp\/v2\/posts\/82182","targetHints":{"allow":["GET"]}}],"collection":[{"href":"https:\/\/zonaroja.com.mx\/index.php?rest_route=\/wp\/v2\/posts"}],"about":[{"href":"https:\/\/zonaroja.com.mx\/index.php?rest_route=\/wp\/v2\/types\/post"}],"author":[{"embeddable":true,"href":"https:\/\/zonaroja.com.mx\/index.php?rest_route=\/wp\/v2\/users\/2"}],"replies":[{"embeddable":true,"href":"https:\/\/zonaroja.com.mx\/index.php?rest_route=%2Fwp%2Fv2%2Fcomments&post=82182"}],"version-history":[{"count":1,"href":"https:\/\/zonaroja.com.mx\/index.php?rest_route=\/wp\/v2\/posts\/82182\/revisions"}],"predecessor-version":[{"id":82184,"href":"https:\/\/zonaroja.com.mx\/index.php?rest_route=\/wp\/v2\/posts\/82182\/revisions\/82184"}],"wp:featuredmedia":[{"embeddable":true,"href":"https:\/\/zonaroja.com.mx\/index.php?rest_route=\/wp\/v2\/media\/82183"}],"wp:attachment":[{"href":"https:\/\/zonaroja.com.mx\/index.php?rest_route=%2Fwp%2Fv2%2Fmedia&parent=82182"}],"wp:term":[{"taxonomy":"category","embeddable":true,"href":"https:\/\/zonaroja.com.mx\/index.php?rest_route=%2Fwp%2Fv2%2Fcategories&post=82182"},{"taxonomy":"post_tag","embeddable":true,"href":"https:\/\/zonaroja.com.mx\/index.php?rest_route=%2Fwp%2Fv2%2Ftags&post=82182"}],"curies":[{"name":"wp","href":"https:\/\/api.w.org\/{rel}","templated":true}]}}