{"id":82187,"date":"2025-07-08T12:14:00","date_gmt":"2025-07-08T18:14:00","guid":{"rendered":"https:\/\/zonaroja.com.mx\/?p=82187"},"modified":"2025-07-08T07:21:05","modified_gmt":"2025-07-08T13:21:05","slug":"un-mexicano-entre-los-fallecidos-por-la-inundacion-en-texas","status":"publish","type":"post","link":"https:\/\/zonaroja.com.mx\/?p=82187","title":{"rendered":"Un mexicano, entre los fallecidos por la inundaci\u00f3n en Texas"},"content":{"rendered":"\n<p>Redacci\u00f3n\/Zona Roja Cdmx.<\/p>\n\n\n\n<p>Ciudad de M\u00e9xico, a 8 de julio de 2025.- Un mexicano, quien fue identificado como Jos\u00e9 Olvera, muri\u00f3 durante las inundaciones que han azotado Texas, Estados Unidos, durante los \u00faltimos d\u00edas.<\/p>\n\n\n\n<p>Lo anterior fue detallado mediante un mensaje en redes sociales por el alcalde del municipio queretano de Jalpan de Serra, Rub\u00e9n Hern\u00e1ndez, por medio de un mensaje en redes sociales.<\/p>\n\n\n\n<p>Jos\u00e9 Olvera era originario de la comunidad de Petzcola y su cuerpo fue localizado el s\u00e1bado en San Antonio.<\/p>\n\n\n\n<p>Hern\u00e1ndez tambi\u00e9n apunt\u00f3 que se realiza la b\u00fasqueda&nbsp;Alicia Ram\u00edrez, originaria de Jalpan de Serra, y que actualmente se encuentra desaparecida tras los ocurrido en Texas.<\/p>\n\n\n\n<p>\u201cEn el municipio lamentamos los hechos que sucedieron y enterarlos que estamos para ayudarles, para apoyarles\u201d, sostuvo.<\/p>\n\n\n\n<p>La cifra de muertes por las inundaciones que devastaron el centro-sur de Texas sobrepasa ya las 100 v\u00edctimas, a medida que contin\u00faan las labores de b\u00fasqueda y rescate a las que se han unido decenas de voluntarios de otras ciudades del estado.<\/p>\n\n\n\n<p>Durante d\u00edas, autoridades federales, estatales y ciudadanos de a pie han estado peinando kil\u00f3metros de terrenos a lo largo del r\u00edo de Guadalupe en b\u00fasqueda del n\u00famero indeterminado de personas que siguen desaparecidas tras las inundaciones que golpearon la regi\u00f3n en la madrugada del pasado 4 de julio.<\/p>\n\n\n\n<p>Las aguas devastaron la regi\u00f3n conocida como \u2018Hill Country\u2019, a las afueras de San Antonio coincidiendo con el inicio de un fin de semana festivo con m\u00faltiples actividades organizadas al aire libre a ra\u00edz del D\u00eda de la Independencia de Estados Unidos.<\/p>\n\n\n\n<p>El Servicio Meteorol\u00f3gico Nacional explic\u00f3 que en un periodo de apenas 12 horas el viernes se acumularon m\u00e1s de 30 cent\u00edmetros de precipitaciones, lo que elev\u00f3 el caudal del r\u00edo Guadalupe, cerca de Hunt, a su segundo nivel m\u00e1s alto registrado, con 9,9 metros de altura.<\/p>\n\n\n\n<p>\u201cEsta inundaciones nos ha puesto a prueba pero tambi\u00e9n nos ha recordado qui\u00e9nes somos\u201d, dijo el juez del condado de Kendall, Shane Stolarczyks.<\/p>\n\n\n\n<p>El presidente de Estados Unidos, Donald Trump, firm\u00f3 una declaraci\u00f3n de emergencia por desastre natural, que permiti\u00f3 que se activara la Agencia Federal de Manejo de Desastres (FEMA) en el estado.<\/p>\n\n\n\n<p>(Informaci\u00f3n de L\u00f3pez-D\u00f3riga Digital)<\/p>\n","protected":false},"excerpt":{"rendered":"<p>Redacci\u00f3n\/Zona Roja Cdmx. Ciudad de M\u00e9xico, a 8 de julio de 2025.- Un mexicano, quien&hellip;<\/p>\n","protected":false},"author":2,"featured_media":82188,"comment_status":"closed","ping_status":"open","sticky":false,"template":"","format":"standard","meta":{"_lmt_disableupdate":"","_lmt_disable":"","_jetpack_memberships_contains_paid_content":false,"footnotes":""},"categories":[109,47],"tags":[],"class_list":["post-82187","post","type-post","status-publish","format-standard","has-post-thumbnail","hentry","category-minuto-a-minuto","category-zona-gris"],"jetpack_featured_media_url":"https:\/\/zonaroja.com.mx\/wp-content\/uploads\/2025\/07\/Lluvias-inundaciones-Texas.jpg","jetpack_sharing_enabled":true,"_links":{"self":[{"href":"https:\/\/zonaroja.com.mx\/index.php?rest_route=\/wp\/v2\/posts\/82187","targetHints":{"allow":["GET"]}}],"collection":[{"href":"https:\/\/zonaroja.com.mx\/index.php?rest_route=\/wp\/v2\/posts"}],"about":[{"href":"https:\/\/zonaroja.com.mx\/index.php?rest_route=\/wp\/v2\/types\/post"}],"author":[{"embeddable":true,"href":"https:\/\/zonaroja.com.mx\/index.php?rest_route=\/wp\/v2\/users\/2"}],"replies":[{"embeddable":true,"href":"https:\/\/zonaroja.com.mx\/index.php?rest_route=%2Fwp%2Fv2%2Fcomments&post=82187"}],"version-history":[{"count":1,"href":"https:\/\/zonaroja.com.mx\/index.php?rest_route=\/wp\/v2\/posts\/82187\/revisions"}],"predecessor-version":[{"id":82189,"href":"https:\/\/zonaroja.com.mx\/index.php?rest_route=\/wp\/v2\/posts\/82187\/revisions\/82189"}],"wp:featuredmedia":[{"embeddable":true,"href":"https:\/\/zonaroja.com.mx\/index.php?rest_route=\/wp\/v2\/media\/82188"}],"wp:attachment":[{"href":"https:\/\/zonaroja.com.mx\/index.php?rest_route=%2Fwp%2Fv2%2Fmedia&parent=82187"}],"wp:term":[{"taxonomy":"category","embeddable":true,"href":"https:\/\/zonaroja.com.mx\/index.php?rest_route=%2Fwp%2Fv2%2Fcategories&post=82187"},{"taxonomy":"post_tag","embeddable":true,"href":"https:\/\/zonaroja.com.mx\/index.php?rest_route=%2Fwp%2Fv2%2Ftags&post=82187"}],"curies":[{"name":"wp","href":"https:\/\/api.w.org\/{rel}","templated":true}]}}