{"id":82192,"date":"2025-07-08T13:24:00","date_gmt":"2025-07-08T19:24:00","guid":{"rendered":"https:\/\/zonaroja.com.mx\/?p=82192"},"modified":"2025-07-08T07:25:44","modified_gmt":"2025-07-08T13:25:44","slug":"opinion-todo-hiede-a-gentrificacion","status":"publish","type":"post","link":"https:\/\/zonaroja.com.mx\/?p=82192","title":{"rendered":"Opini\u00f3n. Todo hiede a gentrificaci\u00f3n\u00a0"},"content":{"rendered":"\n<p>Isidoro Yescas*<\/p>\n\n\n\n<p>Que la ciudad de Oaxaca de Ju\u00e1rez ocupe el quinto lugar a nivel nacional&nbsp;(despu\u00e9s de la Ciudad de M\u00e9xico, M\u00e9rida, Guadalajara y Monterrey)&nbsp;en gentrificaci\u00f3n dice mucho del avance de este fen\u00f3meno que ning\u00fan gobierno, a nivel federal, estatal o municipal, ha procurado atender.<\/p>\n\n\n\n<p>Al contrario, lo que se observa es la ausencia de pol\u00edticas p\u00fablicas para mitigar sus efectos nocivos expresado en el encarecimiento del arrendamiento, una mayor carest\u00eda en el consumo de alimentos, la indebida apropiaci\u00f3n de valores culturales de los pueblos originarios y&nbsp;recurrentes expresiones de racismo&nbsp;hacia la&nbsp;poblaci\u00f3n oaxaque\u00f1a&nbsp;y su exclusi\u00f3n&nbsp;o acotamiento&nbsp;de algunos&nbsp;espacios p\u00fablicos&nbsp;.<\/p>\n\n\n\n<p>Seg\u00fan datos oficiales, entre el 2020 y el 2024 el n\u00famero de turistas en la ciudad capital se duplic\u00f3 al pasar de 567 mil 803 a un mill\u00f3n, 321 mil 338&nbsp;(\u201cAnimal&nbsp;Pol\u00edtico\u201d, marzo 11 del 2025).<\/p>\n\n\n\n<p>La cifra representa una buena se\u00f1al del inter\u00e9s que despierta nuestra ciudad a nivel nacional e internacional, sin embargo quienes m\u00e1s se benefician&nbsp;(y&nbsp;se han beneficiado)&nbsp;de estas oleadas tur\u00edsticas son,&nbsp;generalmente, empresarios&nbsp;(hoteleros, restauranteros, propietarios de servicios de transporte tur\u00edstico), dejando en un segundo y hasta tercer plano a la poblaci\u00f3n dedicada a las artesan\u00edas y otras actividades comerciales.&nbsp;<\/p>\n\n\n\n<p>Hay derrame econ\u00f3mica, es cierto, pero esas&nbsp;centenas de&nbsp;millones de pesos que ingresan a Oaxaca se van a los bolsillos de unos cuantos.&nbsp;<\/p>\n\n\n\n<p>Con o sin cuarta transformaci\u00f3n, el cuento sigue siendo el mismo: despu\u00e9s de cada oleada tur\u00edstica desde el Poder Ejecutivo se acostumbra festinar la derrama econ\u00f3mica sin que se explique su impacto en el bienestar de la mayor\u00eda de la poblaci\u00f3n.&nbsp;<\/p>\n\n\n\n<p>Por ejemplo, durante el 2024 esa \u201cderrama\u201d alcanz\u00f3 la envidiable cifra de 21 mil millones de&nbsp;pesos.\u00bfY?<\/p>\n\n\n\n<p>Hoy, el tema de la gentrificaci\u00f3n vuelve a colocarse en la vitrina p\u00fablica, tanto por la reciente manifestaci\u00f3n realizada en la ciudad de&nbsp;M\u00e9xico en&nbsp;inmediaciones &nbsp;de&nbsp;las colonias Roma y Condesa, como por las actividades culturales organizadas por el gobierno del estado de Oaxaca y que giran en derredor del Primer y Segundo Lunes del Cerro que, para variar, no dejan&nbsp;de tener ese tufo&nbsp;gentrificador ya visto&nbsp;en a\u00f1os anteriores.&nbsp;<\/p>\n\n\n\n<p>Lo que Renato Galicia escribi\u00f3 acerca de la Guelaguetza 2023&nbsp;(primer&nbsp;a\u00f1o del gobierno primaveral) sigue vigente: &nbsp;\u201cEn su versi\u00f3n 2023, la Guelaguetza sigui\u00f3 siendo \u2013junto con la industrializaci\u00f3n del mezcal, la sustituci\u00f3n de la cocina ind\u00edgena y popular por una gastronom\u00eda tan exquisita como aberrante o el plagio de dise\u00f1os textiles- un detonador de la gentrificaci\u00f3n que vive Oaxaca\u201d (Oaxaca Media, agosto 5 del 2023).<\/p>\n\n\n\n<p>Hoy, a la mitad del sexenio&nbsp;jarista, todo sigue igual: al amparo de narrativas para exaltar la solidaridad y cultura &nbsp;de nuestros &nbsp;pueblos ind\u00edgenas y &nbsp;su \u201creparaci\u00f3n hist\u00f3rica\u201d (sic), la gentrificaci\u00f3n&nbsp;cultural avanza incontenible a la par que los grandes negocios vinculados a un desarrollo inmobiliario rapaz, &nbsp;la sistem\u00e1tica violaci\u00f3n de las leyes municipales en materia del uso del suelo, la&nbsp;acelerada&nbsp;apertura de bares y restaurantes de lujo y con capitales de dudosa procedencia y sostenida con mano de obra barata, etc.&nbsp;<\/p>\n\n\n\n<p>Leyes, reglamentos para regular estos excesos existen, lo que ha faltado es voluntad para hacerlas respetar y poner orden. Y no se ve para cu\u00e1ndo.&nbsp;<\/p>\n\n\n\n<p>*Maestro en Sociolog\u00eda y periodista.<\/p>\n\n\n\n<p>X:@YescasIsidoro<\/p>\n","protected":false},"excerpt":{"rendered":"<p>Isidoro Yescas* Que la ciudad de Oaxaca de Ju\u00e1rez ocupe el quinto lugar a nivel&hellip;<\/p>\n","protected":false},"author":2,"featured_media":78328,"comment_status":"closed","ping_status":"open","sticky":false,"template":"","format":"standard","meta":{"_lmt_disableupdate":"","_lmt_disable":"","_jetpack_memberships_contains_paid_content":false,"footnotes":""},"categories":[456,109],"tags":[3998],"class_list":["post-82192","post","type-post","status-publish","format-standard","has-post-thumbnail","hentry","category-columna","category-minuto-a-minuto","tag-isidoro-yescas-martinez"],"jetpack_featured_media_url":"https:\/\/zonaroja.com.mx\/wp-content\/uploads\/2025\/03\/Isidoro-Yescas-Martinez.jpg","jetpack_sharing_enabled":true,"_links":{"self":[{"href":"https:\/\/zonaroja.com.mx\/index.php?rest_route=\/wp\/v2\/posts\/82192","targetHints":{"allow":["GET"]}}],"collection":[{"href":"https:\/\/zonaroja.com.mx\/index.php?rest_route=\/wp\/v2\/posts"}],"about":[{"href":"https:\/\/zonaroja.com.mx\/index.php?rest_route=\/wp\/v2\/types\/post"}],"author":[{"embeddable":true,"href":"https:\/\/zonaroja.com.mx\/index.php?rest_route=\/wp\/v2\/users\/2"}],"replies":[{"embeddable":true,"href":"https:\/\/zonaroja.com.mx\/index.php?rest_route=%2Fwp%2Fv2%2Fcomments&post=82192"}],"version-history":[{"count":1,"href":"https:\/\/zonaroja.com.mx\/index.php?rest_route=\/wp\/v2\/posts\/82192\/revisions"}],"predecessor-version":[{"id":82193,"href":"https:\/\/zonaroja.com.mx\/index.php?rest_route=\/wp\/v2\/posts\/82192\/revisions\/82193"}],"wp:featuredmedia":[{"embeddable":true,"href":"https:\/\/zonaroja.com.mx\/index.php?rest_route=\/wp\/v2\/media\/78328"}],"wp:attachment":[{"href":"https:\/\/zonaroja.com.mx\/index.php?rest_route=%2Fwp%2Fv2%2Fmedia&parent=82192"}],"wp:term":[{"taxonomy":"category","embeddable":true,"href":"https:\/\/zonaroja.com.mx\/index.php?rest_route=%2Fwp%2Fv2%2Fcategories&post=82192"},{"taxonomy":"post_tag","embeddable":true,"href":"https:\/\/zonaroja.com.mx\/index.php?rest_route=%2Fwp%2Fv2%2Ftags&post=82192"}],"curies":[{"name":"wp","href":"https:\/\/api.w.org\/{rel}","templated":true}]}}