{"id":82194,"date":"2025-07-08T10:50:42","date_gmt":"2025-07-08T16:50:42","guid":{"rendered":"https:\/\/zonaroja.com.mx\/?p=82194"},"modified":"2025-07-08T10:50:42","modified_gmt":"2025-07-08T16:50:42","slug":"ejecutan-balazos-a-una-individuo-en-la-supercarretera-oaxaca-istmo","status":"publish","type":"post","link":"https:\/\/zonaroja.com.mx\/?p=82194","title":{"rendered":"Ejecutan balazos a una individuo en la supercarretera Oaxaca-Istmo"},"content":{"rendered":"\n<p>Ismael Garc\u00eda M.\/Zona Roja.&nbsp;<\/p>\n\n\n\n<p>Oaxaca de Ju\u00e1rez, Oax., a 8 de julio de 2025.- Una persona del sexo masculino fue asesinada a balazos en la madrugada de hoy en la supercarretera Oaxaca-Istmo, en jurisdicci\u00f3n de la zona istme\u00f1a.<\/p>\n\n\n\n<p>La v\u00edctima &nbsp;presenta un disparo de arma de fuego en la cabeza, por lo que se presume que fue ejecutada.&nbsp;<\/p>\n\n\n\n<p>El cuerpo fue localizado por automovilistas que circulaba por la zona, quienes dieron aviso a las autoridades policiacas.<\/p>\n\n\n\n<p>Personal de la Vicefiscal\u00eda Regional del Istmo acudi\u00f3 para realizar las labores ministeriales y ordenar el levantamiento del cuerpo.<\/p>\n\n\n\n<p>Hasta el momento, la v\u00edctima no ha sido identificada.<\/p>\n\n\n\n<p>Pese a la presencia policiaca en la zona del Istmo de Tehuantepec, los delitos no cesan y ayer se report\u00f3 una agresi\u00f3n armada a un domicilio en el municipio de Asunci\u00f3n Ixtaltepec, por un probable hecho de expresi\u00f3n.&nbsp;<\/p>\n","protected":false},"excerpt":{"rendered":"<p>Ismael Garc\u00eda M.\/Zona Roja.&nbsp; Oaxaca de Ju\u00e1rez, Oax., a 8 de julio de 2025.- Una&hellip;<\/p>\n","protected":false},"author":2,"featured_media":73641,"comment_status":"closed","ping_status":"open","sticky":false,"template":"","format":"standard","meta":{"_lmt_disableupdate":"","_lmt_disable":"","_jetpack_memberships_contains_paid_content":false,"footnotes":""},"categories":[1],"tags":[],"class_list":["post-82194","post","type-post","status-publish","format-standard","has-post-thumbnail","hentry","category-sin-categoria"],"jetpack_featured_media_url":"https:\/\/zonaroja.com.mx\/wp-content\/uploads\/2024\/10\/Escena-balazos-balas-policiaca.jpg","jetpack_sharing_enabled":true,"_links":{"self":[{"href":"https:\/\/zonaroja.com.mx\/index.php?rest_route=\/wp\/v2\/posts\/82194","targetHints":{"allow":["GET"]}}],"collection":[{"href":"https:\/\/zonaroja.com.mx\/index.php?rest_route=\/wp\/v2\/posts"}],"about":[{"href":"https:\/\/zonaroja.com.mx\/index.php?rest_route=\/wp\/v2\/types\/post"}],"author":[{"embeddable":true,"href":"https:\/\/zonaroja.com.mx\/index.php?rest_route=\/wp\/v2\/users\/2"}],"replies":[{"embeddable":true,"href":"https:\/\/zonaroja.com.mx\/index.php?rest_route=%2Fwp%2Fv2%2Fcomments&post=82194"}],"version-history":[{"count":1,"href":"https:\/\/zonaroja.com.mx\/index.php?rest_route=\/wp\/v2\/posts\/82194\/revisions"}],"predecessor-version":[{"id":82195,"href":"https:\/\/zonaroja.com.mx\/index.php?rest_route=\/wp\/v2\/posts\/82194\/revisions\/82195"}],"wp:featuredmedia":[{"embeddable":true,"href":"https:\/\/zonaroja.com.mx\/index.php?rest_route=\/wp\/v2\/media\/73641"}],"wp:attachment":[{"href":"https:\/\/zonaroja.com.mx\/index.php?rest_route=%2Fwp%2Fv2%2Fmedia&parent=82194"}],"wp:term":[{"taxonomy":"category","embeddable":true,"href":"https:\/\/zonaroja.com.mx\/index.php?rest_route=%2Fwp%2Fv2%2Fcategories&post=82194"},{"taxonomy":"post_tag","embeddable":true,"href":"https:\/\/zonaroja.com.mx\/index.php?rest_route=%2Fwp%2Fv2%2Ftags&post=82194"}],"curies":[{"name":"wp","href":"https:\/\/api.w.org\/{rel}","templated":true}]}}