{"id":82196,"date":"2025-07-08T16:45:00","date_gmt":"2025-07-08T22:45:00","guid":{"rendered":"https:\/\/zonaroja.com.mx\/?p=82196"},"modified":"2025-07-08T16:12:56","modified_gmt":"2025-07-08T22:12:56","slug":"inmobiliarias-plataformas-como-airbnb-y-gobiernos-responsables-de-gentrificacion","status":"publish","type":"post","link":"https:\/\/zonaroja.com.mx\/?p=82196","title":{"rendered":"Inmobiliarias, plataformas como Airbnb y gobiernos, responsables de gentrificaci\u00f3n\u00a0"},"content":{"rendered":"\n<p>Lisbeth Mej\u00eda Reyes\/Zona Roja.<\/p>\n\n\n\n<p>Oaxaca, Oax., a 8 de julio de 2025.- Al aclarar que no se trata de una lucha nacionalista ni xen\u00f3foba sino por el derecho a la vida y a la dignidad, activistas y colectivos de Oaxaca en contra de la gentrificaci\u00f3n y turistificaci\u00f3n se\u00f1alaron como responsables de estos fen\u00f3menos a las inmobiliarias, a las plataformas digitales de alojamiento como Airbnb y a los gobiernos.<\/p>\n\n\n\n<p>Ante esto, exigieron frenar inmediatamente la \u00abexpansi\u00f3n de mega proyectos disfrazados de desarrollo, moratoria a nuevas licencias para alojamientos tur\u00edsticos en zonas tensionadas, reconocimiento de los derechos territoriales de comunidades ind\u00edgenas y populares, regulaci\u00f3n estricta de plataformas como Airbnb y expropiaci\u00f3n de viviendas acaparadas por fondos de inmobiliarias\u00bb.<\/p>\n\n\n\n<p>Tambi\u00e9n exigieron \u00abque se deje de usar el discurso de odio al extranjero como discurso pol\u00edtico para no hablar del verdadero problema: el modelo neoliberal de ciudad y territorio\u00bb.<\/p>\n\n\n\n<p>Este martes, al anunciar el primer Encuentro Nacional en contra de la Gentrificaci\u00f3n, activistas explicaron en conferencia que la gentrificaci\u00f3n y la turistificaci\u00f3n contin\u00faan devastando a las ciudades, pueblos y territorios y que no son problemas exclusivos de Oaxaca sino de otras partes del pa\u00eds y del mundo. Sin embargo, se observan en el encarecimiento, privatizaci\u00f3n y desplazamiento del espacio urbano y rural.<\/p>\n\n\n\n<p>\u00abEstos fen\u00f3menos, impulsados por pol\u00edticas p\u00fablicas deliberadas y profundamente neoliberales, est\u00e1n despojando a miles de personas de su derecho a vivir donde nacieron, desplazando comunidades enteras, encareciendo la vida cotidiana y reduciendo nuestras calles a decorado al servicio de intereses financieros\u00bb, externaron frente al Palacio de Gobierno, en la ciudad de Oaxaca.<\/p>\n\n\n\n<p>Las y los integrantes de colectivos como Radical, la Miscel\u00e1nea Oaxaque\u00f1a y la Asamblea de los Pueblos Ind\u00edgenas del Istmo en Defensa de la Tierra y del Territorio, acusaron al gobierno porque no ha asumido su responsabilidad en estos procesos sino que \u00abha optado por deslegitimar la protesta ciudadana acus\u00e1ndola de xenofobia o discriminaci\u00f3n hacia personas extranjeras\u00bb.&nbsp;<\/p>\n\n\n\n<p>Reiteraron que no se trata de una lucha en contra de las y los extranjeros sino contra la gentrificaci\u00f3n y turistificaci\u00f3n: \u00abes un rechazo a un modelo extractivista que convierte el suelo, la vivienda y la cultura en mercanc\u00eda\u00bb.<\/p>\n\n\n\n<p>De acuerdo con las y los activistas, la lucha tampoco es para favorecer lo nacional, ya que \u00abel capital no tiene patria\u00bb, pues las y los responsables de estos fen\u00f3menos son internacionales y nacionales, adem\u00e1s de que se unen para promover el despojo y el saqueo, \u00abal cual debemos reconocer como una cuesti\u00f3n de clase\u00bb.<\/p>\n\n\n\n<p>El modelo de turistificaci\u00f3n en el estado de Oaxaca, externaron, no est\u00e1 sirviendo para las y los oaxaque\u00f1os sino se queda en manos de inversionistas, empresas hoteleras, revistas de viaje, aerol\u00edneas, etc\u00e9tera, pero no en el estado.<\/p>\n\n\n\n<p>Al criticar la pol\u00edticas gubernamentales con las que se han promovido a las comunidades ind\u00edgenas y populares con la etiqueta de pueblos o barrios m\u00e1gicos, consideraron que el Estado ha impulsado una nueva forma de despojo: la \u00abmercantilizaci\u00f3n de lo ind\u00edgena, lo comunitario y lo ancestral, usado como envoltorio para atraer la inversi\u00f3n, sin ning\u00fan respeto real por la auto determinaci\u00f3n, el territorio y la vida digna de estos pueblos\u00bb.<\/p>\n\n\n\n<p>Las comunidades ind\u00edgenas, apuntaron, no necesitan ser visibilizadas a trav\u00e9s del turismo sino reconocidas y respetadas en su lucha por la tierra, el agua, la vivienda y la autonom\u00eda. \u00abNo son patrimonio para el consumo, son sujetos pol\u00edticos\u00bb.<\/p>\n\n\n\n<p>El primer Encuentro Nacional en contra de la Gentrificaci\u00f3n ser\u00e1 del 16 al 21 de julio en diversas sedes de la ciudad de Oaxaca y el municipio de Atzompa, en donde se reunir\u00e1n especialistas, poblaci\u00f3n en general y toda persona interesada en el tema, la reflexi\u00f3n del problema y la b\u00fasqueda de soluciones.<\/p>\n\n\n\n<p>El programa se da a un a\u00f1o y medio de que la ciudad de Oaxaca vivi\u00f3 la primera marcha contra la gentrificaci\u00f3n y a unos d\u00edas de la protesta contra la gentrificaci\u00f3n que ocurri\u00f3 el pasado fin de semana en la Ciudad de M\u00e9xico.<\/p>\n","protected":false},"excerpt":{"rendered":"<p>Lisbeth Mej\u00eda Reyes\/Zona Roja. Oaxaca, Oax., a 8 de julio de 2025.- Al aclarar que&hellip;<\/p>\n","protected":false},"author":2,"featured_media":82197,"comment_status":"closed","ping_status":"open","sticky":false,"template":"","format":"standard","meta":{"_lmt_disableupdate":"","_lmt_disable":"","_jetpack_memberships_contains_paid_content":false,"footnotes":""},"categories":[109,47],"tags":[],"class_list":["post-82196","post","type-post","status-publish","format-standard","has-post-thumbnail","hentry","category-minuto-a-minuto","category-zona-gris"],"jetpack_featured_media_url":"https:\/\/zonaroja.com.mx\/wp-content\/uploads\/2025\/07\/Conferencia-organismos-gentrificacion.jpg","jetpack_sharing_enabled":true,"_links":{"self":[{"href":"https:\/\/zonaroja.com.mx\/index.php?rest_route=\/wp\/v2\/posts\/82196","targetHints":{"allow":["GET"]}}],"collection":[{"href":"https:\/\/zonaroja.com.mx\/index.php?rest_route=\/wp\/v2\/posts"}],"about":[{"href":"https:\/\/zonaroja.com.mx\/index.php?rest_route=\/wp\/v2\/types\/post"}],"author":[{"embeddable":true,"href":"https:\/\/zonaroja.com.mx\/index.php?rest_route=\/wp\/v2\/users\/2"}],"replies":[{"embeddable":true,"href":"https:\/\/zonaroja.com.mx\/index.php?rest_route=%2Fwp%2Fv2%2Fcomments&post=82196"}],"version-history":[{"count":1,"href":"https:\/\/zonaroja.com.mx\/index.php?rest_route=\/wp\/v2\/posts\/82196\/revisions"}],"predecessor-version":[{"id":82198,"href":"https:\/\/zonaroja.com.mx\/index.php?rest_route=\/wp\/v2\/posts\/82196\/revisions\/82198"}],"wp:featuredmedia":[{"embeddable":true,"href":"https:\/\/zonaroja.com.mx\/index.php?rest_route=\/wp\/v2\/media\/82197"}],"wp:attachment":[{"href":"https:\/\/zonaroja.com.mx\/index.php?rest_route=%2Fwp%2Fv2%2Fmedia&parent=82196"}],"wp:term":[{"taxonomy":"category","embeddable":true,"href":"https:\/\/zonaroja.com.mx\/index.php?rest_route=%2Fwp%2Fv2%2Fcategories&post=82196"},{"taxonomy":"post_tag","embeddable":true,"href":"https:\/\/zonaroja.com.mx\/index.php?rest_route=%2Fwp%2Fv2%2Ftags&post=82196"}],"curies":[{"name":"wp","href":"https:\/\/api.w.org\/{rel}","templated":true}]}}