{"id":82199,"date":"2025-07-08T17:15:00","date_gmt":"2025-07-08T23:15:00","guid":{"rendered":"https:\/\/zonaroja.com.mx\/?p=82199"},"modified":"2025-07-08T16:17:59","modified_gmt":"2025-07-08T22:17:59","slug":"salario-de-policias-en-oaxaca-pasara-de-12-mil-921-a-13-mil-257-73","status":"publish","type":"post","link":"https:\/\/zonaroja.com.mx\/?p=82199","title":{"rendered":"Salario de polic\u00edas en Oaxaca pasar\u00e1 de $12 mil 921 a $13 mil 257.73"},"content":{"rendered":"\n<p>Lisbeth Mej\u00eda Reyes\/Zona Roja. Foto: Archivo.<\/p>\n\n\n\n<p>Oaxaca, Oax., a 8 de julio de 2025.- Con un incremento retroactivo del tres por ciento respecto del a\u00f1o 2024, el gobierno del estado de Oaxaca anunci\u00f3 este martes el aumento del salario para ocho mil 985 elementos de las corporaciones de la Secretar\u00eda de Seguridad y Protecci\u00f3n Ciudadana (SSPC) y de la Fiscal\u00eda General del Estado de Oaxaca (FGEO).&nbsp;<\/p>\n\n\n\n<p>Con este incremento, los salarios mensuales brutos de las y los polic\u00edas estatales, as\u00ed como personal de otras corporaciones adscritas a estas instituciones estatales, pasar\u00e1n de 12 mil 921 (vigente desde 2024) a 13 mil 257.73 pesos (para este a\u00f1o), explic\u00f3 el gobernador Salom\u00f3n Jara.<\/p>\n\n\n\n<p>Farid Acevedo, secretario de Finanzas del gobierno estatal, reconoci\u00f3 que los salarios de los polic\u00edas estatales en Oaxaca son de los m\u00e1s bajos en el pa\u00eds, lo que coloca a la entidad en el lugar 27 o 28 de los 32 estados, y por lo cual el objetivo es que al final del sexenio se alcance la media nacional. Es decir, que el salario sea de entre 15 mil y 16 mil pesos.<\/p>\n\n\n\n<p>Al inicio de la administraci\u00f3n, la percepci\u00f3n mensual era de 10 mil 801 pesos y en 2023 pas\u00f3 a 11 mil 805; para 2024 se aument\u00f3 a 12 mil 921 y en este 2025 ser\u00e1 de 13 mil 257 pesos, explic\u00f3 el funcionario sobre los m\u00e1s de 7 mil 500 elementos beneficiados y que est\u00e1n en la SSPC.&nbsp;<\/p>\n\n\n\n<p>En tanto, los mil 300 elementos de seguridad que est\u00e1n en la Fiscal\u00eda alcanzar\u00e1n un salario mensual de 12 mil 951 pesos.<\/p>\n\n\n\n<p>En conferencia de prensa en Palacio de Gobierno, donde reconoci\u00f3 la labor de las y los polic\u00edas, el gobernador detall\u00f3 que se trabaja en la mejora de las condiciones, as\u00ed como en la contrataci\u00f3n de esquemas de seguridad social y un nuevo esquema de pensiones.<\/p>\n\n\n\n<p>Por ejemplo, a partir de este a\u00f1o se realiza un cambio de r\u00e9gimen en la modalidad 36 al 33 ante el Instituto Mexicano del Seguro Social (IMSS), con el que se garantizar\u00e1 la continuidad del servicio m\u00e9dico para las y los elementos que se jubilen.<\/p>\n\n\n\n<p>En el pa\u00eds, una de las polic\u00edas que rebasa la media nacional es la del Estado de M\u00e9xico. Seg\u00fan lo reportado por las autoridades de aquel estado en octubre de 2024, sus polic\u00edas estatales alcanzaron en ese a\u00f1o un salario de 17 mil 163 pesos; antes de eso percib\u00edan 15 mil 446 pesos.<\/p>\n\n\n\n<p>MODIFICACI\u00d3N A PENSIONES<\/p>\n\n\n\n<p>Respecto a la reforma a la Ley de Pensiones para las y los integrantes de las instituciones de seguridad p\u00fablica del Estado de Oaxaca, la propuesta enviada al Congreso local contempla un nuevo modelo de seguridad social del personal adscrito.&nbsp;<\/p>\n\n\n\n<p>Este podr\u00e1 jubilarse a partir de los 50 a\u00f1os de edad, y ya no a los 65, como era el requisito. Asimismo, para obtener el 40 por ciento de la pensi\u00f3n se deber\u00e1 contar con 20 a\u00f1os de servicio. En tanto, quienes se retiren con mayor edad y mayores a\u00f1os de servicios, podr\u00e1n llegar al 100 por ciento de su salario de retiro.<\/p>\n\n\n\n<figure class=\"wp-block-embed is-type-rich is-provider-twitter wp-block-embed-twitter\"><div class=\"wp-block-embed__wrapper\">\n<div class=\"twitter-tweet\"><blockquote class=\"twitter-tweet\" data-lang=\"es\"><p lang=\"es\" dir=\"ltr\">\u00a1Aumentar\u00e1n salario a polic\u00edas de Oaxaca!<br>Esta ma\u00f1ana, el gobernador <a href=\"https:\/\/twitter.com\/salomonj?ref_src=twsrc%5Etfw\">@salomonj<\/a> anunci\u00f3 un nuevo aumento de sueldo a polic\u00edas. <br><br>En tanto, el titular de la <a href=\"https:\/\/twitter.com\/SEFINGobOax?ref_src=twsrc%5Etfw\">@SEFINGobOax<\/a>, <a href=\"https:\/\/twitter.com\/Farid_AcevedoL?ref_src=twsrc%5Etfw\">@Farid_AcevedoL<\/a>, detall\u00f3 los alcances:<br>De $10,801 subir\u00e1 a $13,257 y al final del sexenio se prev\u00e9 que sea\u2026 <a href=\"https:\/\/t.co\/T9WWH9rxdQ\">pic.twitter.com\/T9WWH9rxdQ<\/a><\/p>&mdash; Zona Roja Oaxaca (@ZonaRoja_Oaxaca) <a href=\"https:\/\/twitter.com\/ZonaRoja_Oaxaca\/status\/1942614082328084909?ref_src=twsrc%5Etfw\">8 de julio de 2025<\/a><\/blockquote><\/div>\n<\/div><\/figure>\n","protected":false},"excerpt":{"rendered":"<p>Lisbeth Mej\u00eda Reyes\/Zona Roja. Foto: Archivo. Oaxaca, Oax., a 8 de julio de 2025.- Con&hellip;<\/p>\n","protected":false},"author":2,"featured_media":82200,"comment_status":"closed","ping_status":"open","sticky":false,"template":"","format":"standard","meta":{"_lmt_disableupdate":"","_lmt_disable":"","_jetpack_memberships_contains_paid_content":false,"footnotes":""},"categories":[109,46],"tags":[939],"class_list":["post-82199","post","type-post","status-publish","format-standard","has-post-thumbnail","hentry","category-minuto-a-minuto","category-zona-blanca","tag-salomon-jara-cruz"],"jetpack_featured_media_url":"https:\/\/zonaroja.com.mx\/wp-content\/uploads\/2025\/07\/Salomon-Jara-y-policias.jpg","jetpack_sharing_enabled":true,"_links":{"self":[{"href":"https:\/\/zonaroja.com.mx\/index.php?rest_route=\/wp\/v2\/posts\/82199","targetHints":{"allow":["GET"]}}],"collection":[{"href":"https:\/\/zonaroja.com.mx\/index.php?rest_route=\/wp\/v2\/posts"}],"about":[{"href":"https:\/\/zonaroja.com.mx\/index.php?rest_route=\/wp\/v2\/types\/post"}],"author":[{"embeddable":true,"href":"https:\/\/zonaroja.com.mx\/index.php?rest_route=\/wp\/v2\/users\/2"}],"replies":[{"embeddable":true,"href":"https:\/\/zonaroja.com.mx\/index.php?rest_route=%2Fwp%2Fv2%2Fcomments&post=82199"}],"version-history":[{"count":1,"href":"https:\/\/zonaroja.com.mx\/index.php?rest_route=\/wp\/v2\/posts\/82199\/revisions"}],"predecessor-version":[{"id":82201,"href":"https:\/\/zonaroja.com.mx\/index.php?rest_route=\/wp\/v2\/posts\/82199\/revisions\/82201"}],"wp:featuredmedia":[{"embeddable":true,"href":"https:\/\/zonaroja.com.mx\/index.php?rest_route=\/wp\/v2\/media\/82200"}],"wp:attachment":[{"href":"https:\/\/zonaroja.com.mx\/index.php?rest_route=%2Fwp%2Fv2%2Fmedia&parent=82199"}],"wp:term":[{"taxonomy":"category","embeddable":true,"href":"https:\/\/zonaroja.com.mx\/index.php?rest_route=%2Fwp%2Fv2%2Fcategories&post=82199"},{"taxonomy":"post_tag","embeddable":true,"href":"https:\/\/zonaroja.com.mx\/index.php?rest_route=%2Fwp%2Fv2%2Ftags&post=82199"}],"curies":[{"name":"wp","href":"https:\/\/api.w.org\/{rel}","templated":true}]}}