{"id":82217,"date":"2025-07-09T07:15:00","date_gmt":"2025-07-09T13:15:00","guid":{"rendered":"https:\/\/zonaroja.com.mx\/?p=82217"},"modified":"2025-07-09T06:36:57","modified_gmt":"2025-07-09T12:36:57","slug":"ratifican-a-jorge-bueno-como-cronista-de-la-ciudad-de-oaxaca","status":"publish","type":"post","link":"https:\/\/zonaroja.com.mx\/?p=82217","title":{"rendered":"Ratifican a Jorge Bueno como cronista de la ciudad de Oaxaca"},"content":{"rendered":"\n<p>Redacci\u00f3n\/Zona Roja.<\/p>\n\n\n\n<p>Oaxaca, Oax., a 9 de julio de 2025.\u2013 En la sesi\u00f3n ordinaria de Cabildo celebrada este martes, el ayuntamiento de Oaxaca de Ju\u00e1rez ratific\u00f3 por unanimidad en su cargo al cronista de la ciudad Jorge Alberto Bueno S\u00e1nchez, reconociendo su labor de casi nueve a\u00f1os al servicio de la historia, la cultura y la identidad de la capital oaxaque\u00f1a.<\/p>\n\n\n\n<p>Al t\u00e9rmino de la sesi\u00f3n, el cronista expres\u00f3 su satisfacci\u00f3n por la confianza depositada una vez m\u00e1s en su persona:<\/p>\n\n\n\n<p>\u201cHoy me siento satisfecho y a gusto con la ratificaci\u00f3n que el honorable ayuntamiento hace hacia mi persona como cronista. Soy el quinto cronista y estoy por cumplir nueve a\u00f1os de servir a la ciudad\u201d.<\/p>\n\n\n\n<p>Record\u00f3 que esta figura, instituida en 1960, ha sido representada por distinguidos personajes como Don Jorge Fernando Mart\u00ednez Iturribarria, Javier Castro Mantec\u00f3n, Everardo Ram\u00edrez Boh\u00f3rquez y don Rub\u00e9n Vasconcelos Beltr\u00e1n. En su intervenci\u00f3n, destac\u00f3 que el cronista no solo documenta los hechos hist\u00f3ricos, sino que representa a Oaxaca dentro y fuera de sus fronteras, participando activamente en actos c\u00edvicos y culturales.<\/p>\n\n\n\n<p>\u201cEstamos al servicio de una ciudadan\u00eda que nos solicita muchas intervenciones: nos pide participar en sus eventos, en sus actos. Por eso, el cronista se convierte en una figura representativa de la ciudad\u201d, expres\u00f3.<\/p>\n\n\n\n<p>Asimismo, subray\u00f3 la importancia de dar seguimiento a efem\u00e9rides como la proclamaci\u00f3n de la Independencia de Oaxaca, ocurrida el 28 de julio de 1821, meses antes de la consumaci\u00f3n nacional, y de compartir con la ciudadan\u00eda el origen de tradiciones como los Lunes del Cerro, celebrados en el Auditorio Guelaguetza.<\/p>\n\n\n\n<p>\u201cLos acontecimientos y hechos se van dando en su momento y se van escribiendo, servir a una ciudad es necesario\u201d, concluy\u00f3&nbsp;el&nbsp;cronista.<\/p>\n\n\n\n<p>CABILDO JUVENIL<\/p>\n\n\n\n<p>Con el firme compromiso de fomentar la participaci\u00f3n democr\u00e1tica de las y los adolescentes, el ayuntamiento de Oaxaca de Ju\u00e1rez, a trav\u00e9s de la Comisi\u00f3n de Cultura y Educaci\u00f3n, en coordinaci\u00f3n con el Instituto Municipal de la Juventud, lanz\u00f3 la convocatoria para integrar el Cabildo Juvenil 2025.<\/p>\n\n\n\n<p>Dirigida a adolescentes de 12 a 17 a\u00f1os, esta iniciativa busca abrir espacios de di\u00e1logo, reflexi\u00f3n y propuesta, garantizando su derecho a la libertad de expresi\u00f3n y a la participaci\u00f3n en los asuntos p\u00fablicos del municipio. Las y los j\u00f3venes interesados podr\u00e1n postularse para ocupar uno de los 16 cargos como concejales, as\u00ed como para la Secretar\u00eda Municipal Juvenil.<\/p>\n\n\n\n<p>Las inscripciones est\u00e1n abiertas desde la publicaci\u00f3n de la convocatoria y hasta el pr\u00f3ximo 15 de julio de 2025, y podr\u00e1n realizarse de manera gratuita en las oficinas de la Regidur\u00eda de Cultura y Educaci\u00f3n (Palacio Municipal, Plaza de la Danza) o en las instalaciones del Instituto Municipal de la Juventud (calle Heroico Colegio Militar 909 Colonia Reforma), de lunes a viernes en un horario de 10:00 a 16:00 horas.<\/p>\n\n\n\n<p>Como parte del proceso, las y los participantes deber\u00e1n entregar un ensayo que aborde alguno de los siguientes temas: derecho a una vida libre de violencia, salud, inclusi\u00f3n, acceso a la informaci\u00f3n y tecnolog\u00eda, educaci\u00f3n, cultura, medio ambiente, entre otros.<\/p>\n\n\n\n<p>La selecci\u00f3n de las y los integrantes del Cabildo Juvenil estar\u00e1 a cargo de la Comisi\u00f3n de Cultura y Educaci\u00f3n y del Instituto Municipal de la Juventud, bajo criterios de inclusi\u00f3n, igualdad y m\u00e9rito.<\/p>\n\n\n\n<p>El fallo se emitir\u00e1 el 25 de julio y la instalaci\u00f3n del Cabildo Juvenil 2025 se realizar\u00e1 el pr\u00f3ximo 12 de agosto en el Sal\u00f3n de Cabildo \u201cPorfirio D\u00edaz Mori\u201d, como parte de las celebraciones por el D\u00eda Internacional de la Juventud.<\/p>\n\n\n\n<p>Con esta convocatoria, el ayuntamiento de Oaxaca de Ju\u00e1rez reafirma su compromiso con la formaci\u00f3n c\u00edvica y democr\u00e1tica de las nuevas generaciones, promoviendo espacios donde las y los adolescentes puedan ejercer plenamente su ciudadan\u00eda.<\/p>\n\n\n\n<p>Para m\u00e1s informaci\u00f3n, las personas interesadas pueden consultar la convocatoria completa en el sitio oficial www.municipiodeoaxaca.gob.mx o en las redes sociales&nbsp;del&nbsp;municipio.<\/p>\n","protected":false},"excerpt":{"rendered":"<p>Redacci\u00f3n\/Zona Roja. Oaxaca, Oax., a 9 de julio de 2025.\u2013 En la sesi\u00f3n ordinaria de&hellip;<\/p>\n","protected":false},"author":2,"featured_media":82218,"comment_status":"closed","ping_status":"open","sticky":false,"template":"","format":"standard","meta":{"_lmt_disableupdate":"","_lmt_disable":"","_jetpack_memberships_contains_paid_content":false,"footnotes":""},"categories":[109,46,47],"tags":[148],"class_list":["post-82217","post","type-post","status-publish","format-standard","has-post-thumbnail","hentry","category-minuto-a-minuto","category-zona-blanca","category-zona-gris","tag-oaxaca-de-juarez"],"jetpack_featured_media_url":"https:\/\/zonaroja.com.mx\/wp-content\/uploads\/2025\/07\/Jorge-Bueno-Sanchez.jpg","jetpack_sharing_enabled":true,"_links":{"self":[{"href":"https:\/\/zonaroja.com.mx\/index.php?rest_route=\/wp\/v2\/posts\/82217","targetHints":{"allow":["GET"]}}],"collection":[{"href":"https:\/\/zonaroja.com.mx\/index.php?rest_route=\/wp\/v2\/posts"}],"about":[{"href":"https:\/\/zonaroja.com.mx\/index.php?rest_route=\/wp\/v2\/types\/post"}],"author":[{"embeddable":true,"href":"https:\/\/zonaroja.com.mx\/index.php?rest_route=\/wp\/v2\/users\/2"}],"replies":[{"embeddable":true,"href":"https:\/\/zonaroja.com.mx\/index.php?rest_route=%2Fwp%2Fv2%2Fcomments&post=82217"}],"version-history":[{"count":1,"href":"https:\/\/zonaroja.com.mx\/index.php?rest_route=\/wp\/v2\/posts\/82217\/revisions"}],"predecessor-version":[{"id":82219,"href":"https:\/\/zonaroja.com.mx\/index.php?rest_route=\/wp\/v2\/posts\/82217\/revisions\/82219"}],"wp:featuredmedia":[{"embeddable":true,"href":"https:\/\/zonaroja.com.mx\/index.php?rest_route=\/wp\/v2\/media\/82218"}],"wp:attachment":[{"href":"https:\/\/zonaroja.com.mx\/index.php?rest_route=%2Fwp%2Fv2%2Fmedia&parent=82217"}],"wp:term":[{"taxonomy":"category","embeddable":true,"href":"https:\/\/zonaroja.com.mx\/index.php?rest_route=%2Fwp%2Fv2%2Fcategories&post=82217"},{"taxonomy":"post_tag","embeddable":true,"href":"https:\/\/zonaroja.com.mx\/index.php?rest_route=%2Fwp%2Fv2%2Ftags&post=82217"}],"curies":[{"name":"wp","href":"https:\/\/api.w.org\/{rel}","templated":true}]}}