{"id":82220,"date":"2025-07-09T08:00:00","date_gmt":"2025-07-09T14:00:00","guid":{"rendered":"https:\/\/zonaroja.com.mx\/?p=82220"},"modified":"2025-07-09T07:07:50","modified_gmt":"2025-07-09T13:07:50","slug":"asesinan-a-un-individuo-en-matias-romero-y-a-otro-en-puerto-escondido","status":"publish","type":"post","link":"https:\/\/zonaroja.com.mx\/?p=82220","title":{"rendered":"Asesinan a un individuo en Mat\u00edas Romero y a otro en Puerto Escondido"},"content":{"rendered":"\n<p>Raymundo Morales\/Zona Roja.<\/p>\n\n\n\n<p>Oaxaca, Oax., a 9 de julio de 2025.- En el transcurso de ayer martes, otras dos personas fueron asesinadas en la entidad oaxaque\u00f1a.<\/p>\n\n\n\n<p>Cerca de las 16:00 horas, un individuo fue ultimado afuera de un local comercial ubicado sobre la avenida Oaxaca del destino tur\u00edstico de Puerto Escondido.<\/p>\n\n\n\n<p>Una persona del sexo masculino, al parecer de origen extranjero, atac\u00f3 con un arma blanca a Luis D. A., trabajador de un restaurante; param\u00e9dicos que lo revisaron corroboraron que ya no contaba con signos vitales.<\/p>\n\n\n\n<p>Tras la agresi\u00f3n, corporaciones policiacas buscaron al probable agresor y detuvieron a Yoan J. C., quien fue puesto a disposici\u00f3n de la autoridad del Ministerio P\u00fablico.<\/p>\n\n\n\n<p>EN PALOMARES<\/p>\n\n\n\n<p>Por otra parte, en la localidad de Palomares, perteneciente al municipio de Mat\u00edas Romero Avenda\u00f1o, en la regi\u00f3n del Istmo, un individuo fue perseguido en su veh\u00edculo, tras lo cual fue asesinado.<\/p>\n\n\n\n<p>La v\u00edctima fue identificada como Carlos P. J., propietario de la funeraria \u201cCarpiji\u201d, quien fue acribillado a bordo de una carroza por parte de sujetos armados que se trasladaban a bordo de otro veh\u00edculo.<\/p>\n\n\n\n<p>Personal de la Vicefiscal\u00eda Regional del Istmo, de la Fiscal\u00eda General del Estado de Oaxaca, iniciaron las labores ministeriales correspondientes y hasta el momento no hay personas detenidas por este caso.<\/p>\n","protected":false},"excerpt":{"rendered":"<p>Raymundo Morales\/Zona Roja. Oaxaca, Oax., a 9 de julio de 2025.- En el transcurso de&hellip;<\/p>\n","protected":false},"author":2,"featured_media":82221,"comment_status":"closed","ping_status":"open","sticky":false,"template":"","format":"standard","meta":{"_lmt_disableupdate":"","_lmt_disable":"","_jetpack_memberships_contains_paid_content":false,"footnotes":""},"categories":[109,51],"tags":[2145,590],"class_list":["post-82220","post","type-post","status-publish","format-standard","has-post-thumbnail","hentry","category-minuto-a-minuto","category-zona-roja","tag-palomares-matias-romero","tag-puerto-escondido"],"jetpack_featured_media_url":"https:\/\/zonaroja.com.mx\/wp-content\/uploads\/2025\/07\/Asesinado-en-Puerto-Escondido-Oax.jpg","jetpack_sharing_enabled":true,"_links":{"self":[{"href":"https:\/\/zonaroja.com.mx\/index.php?rest_route=\/wp\/v2\/posts\/82220","targetHints":{"allow":["GET"]}}],"collection":[{"href":"https:\/\/zonaroja.com.mx\/index.php?rest_route=\/wp\/v2\/posts"}],"about":[{"href":"https:\/\/zonaroja.com.mx\/index.php?rest_route=\/wp\/v2\/types\/post"}],"author":[{"embeddable":true,"href":"https:\/\/zonaroja.com.mx\/index.php?rest_route=\/wp\/v2\/users\/2"}],"replies":[{"embeddable":true,"href":"https:\/\/zonaroja.com.mx\/index.php?rest_route=%2Fwp%2Fv2%2Fcomments&post=82220"}],"version-history":[{"count":1,"href":"https:\/\/zonaroja.com.mx\/index.php?rest_route=\/wp\/v2\/posts\/82220\/revisions"}],"predecessor-version":[{"id":82222,"href":"https:\/\/zonaroja.com.mx\/index.php?rest_route=\/wp\/v2\/posts\/82220\/revisions\/82222"}],"wp:featuredmedia":[{"embeddable":true,"href":"https:\/\/zonaroja.com.mx\/index.php?rest_route=\/wp\/v2\/media\/82221"}],"wp:attachment":[{"href":"https:\/\/zonaroja.com.mx\/index.php?rest_route=%2Fwp%2Fv2%2Fmedia&parent=82220"}],"wp:term":[{"taxonomy":"category","embeddable":true,"href":"https:\/\/zonaroja.com.mx\/index.php?rest_route=%2Fwp%2Fv2%2Fcategories&post=82220"},{"taxonomy":"post_tag","embeddable":true,"href":"https:\/\/zonaroja.com.mx\/index.php?rest_route=%2Fwp%2Fv2%2Ftags&post=82220"}],"curies":[{"name":"wp","href":"https:\/\/api.w.org\/{rel}","templated":true}]}}