{"id":82223,"date":"2025-07-09T09:00:00","date_gmt":"2025-07-09T15:00:00","guid":{"rendered":"https:\/\/zonaroja.com.mx\/?p=82223"},"modified":"2025-07-09T07:11:37","modified_gmt":"2025-07-09T13:11:37","slug":"propone-benjamin-viveros-ley-de-humanidades-ciencia-y-tecnologia","status":"publish","type":"post","link":"https:\/\/zonaroja.com.mx\/?p=82223","title":{"rendered":"Propone Benjam\u00edn Viveros ley de humanidades, ciencia y tecnolog\u00eda\u00a0"},"content":{"rendered":"\n<p>Redacci\u00f3n\/Zona Roja.<\/p>\n\n\n\n<p>Oaxaca, Oax., a 9 de julio de 2025.- Con el fin de garantizar del derecho humano a la ciencia y al desarrollo tecnol\u00f3gico, el presidente de la Junta de Coordinaci\u00f3n Pol\u00edtica (Jucopo) de la 66 Legislatura local, Benjam\u00edn Viveros Montalvo, propuso la creaci\u00f3n de la Ley en materia de Humanidades, Ciencias, Tecnolog\u00edas e Innovaci\u00f3n del Estado y Municipios de Oaxaca.<\/p>\n\n\n\n<p>Destac\u00f3 que esta nueva norma garantizar\u00e1 estos derechos conforme a los principios de inclusi\u00f3n, interculturalidad y sostenibilidad.<\/p>\n\n\n\n<p>Enfatiz\u00f3 que lo anterior se fundamenta en la Ley General en Materia de Humanidades, Ciencias, Tecnolog\u00edas e Innovaci\u00f3n que fue aprobada en 2023 por el Congreso de la Uni\u00f3n e impulsada por el expresidente de M\u00e9xico, Andr\u00e9s Manuel L\u00f3pez Obrador, con la cual se coloca a la ciencia y humanidades como motores de la justicia social y el bienestar colectivo.<\/p>\n\n\n\n<p>Explic\u00f3 que su iniciativa establece, principalmente, la creaci\u00f3n del Consejo Estatal de Humanidades, Ciencias, Tecnolog\u00edas e Innovaci\u00f3n, as\u00ed como el Programa Estatal, como instrumento rector de planeaci\u00f3n y participaci\u00f3n social y municipal, alineado al Plan Estatal de Desarrollo y el Sistema Estatal, que integrar\u00e1 las dependencias estatales, municipios, universidades, centros p\u00fablicos, sectores sociales y privados para articular capacidades y recursos e impulsar la investigaci\u00f3n, desarrollo tecnol\u00f3gico y la innovaci\u00f3n.<\/p>\n\n\n\n<p>Adem\u00e1s de la creaci\u00f3n de mecanismos directos y transparentes para el otorgamiento de becas, est\u00edmulos y apoyos con enfoque de bienestar, priorizando a las personas ind\u00edgenas y afromexicanas, acordes a los presupuestos asignados y conforme al principio de m\u00e1xima eficiencia presupuestaria.<\/p>\n\n\n\n<p>Mencion\u00f3 que la Presidenta de M\u00e9xico, Claudia Sheinbaum Pardo, es cient\u00edfica y ha reiterado que uno de sus compromisos es hacer de M\u00e9xico una potencia mundial en ciencia\u201d.<\/p>\n\n\n\n<p>Y por ello, Viveros Montalvo puntualiz\u00f3 que Oaxaca debe contar con una legislaci\u00f3n moderna, con enfoque regional y acorde con los objetivos de los Polos del Bienestar que se impulsan para beneficio de la naci\u00f3n y del pueblo oaxaque\u00f1o.<\/p>\n\n\n\n<p>El Proyecto de Decreto fue turnado a la Comisi\u00f3n Permanente de Educaci\u00f3n, Ciencia, Tecnolog\u00eda e Innovaci\u00f3n para su estudio y dictamen.<\/p>\n\n\n\n<figure class=\"wp-block-embed is-type-rich is-provider-twitter wp-block-embed-twitter\"><div class=\"wp-block-embed__wrapper\">\n<div class=\"twitter-tweet\"><blockquote class=\"twitter-tweet\" data-lang=\"es\"><p lang=\"es\" dir=\"ltr\">En la sesi\u00f3n ordinaria del <a href=\"https:\/\/twitter.com\/CongresoOaxaca_?ref_src=twsrc%5Etfw\">@CongresoOaxaca_<\/a> de este martes, el presidente de la Junta de Coordinaci\u00f3n Pol\u00edtica, <a href=\"https:\/\/twitter.com\/BenjaViverosOax?ref_src=twsrc%5Etfw\">@BenjaViverosOax<\/a>, present\u00f3 una iniciativa para crear la Ley en Materia de Humanidades, Ciencias, Tecnolog\u00edas e Innovaci\u00f3n del Estado y Municipios de Oaxaca.<br><br>\u00bfEn qu\u00e9\u2026 <a href=\"https:\/\/t.co\/BV2W6eo4oE\">pic.twitter.com\/BV2W6eo4oE<\/a><\/p>&mdash; Zona Roja Oaxaca (@ZonaRoja_Oaxaca) <a href=\"https:\/\/twitter.com\/ZonaRoja_Oaxaca\/status\/1942617905050370336?ref_src=twsrc%5Etfw\">8 de julio de 2025<\/a><\/blockquote><\/div>\n<\/div><\/figure>\n","protected":false},"excerpt":{"rendered":"<p>Redacci\u00f3n\/Zona Roja. Oaxaca, Oax., a 9 de julio de 2025.- Con el fin de garantizar&hellip;<\/p>\n","protected":false},"author":2,"featured_media":82224,"comment_status":"closed","ping_status":"open","sticky":false,"template":"","format":"standard","meta":{"_lmt_disableupdate":"","_lmt_disable":"","_jetpack_memberships_contains_paid_content":false,"footnotes":""},"categories":[109,46],"tags":[3664],"class_list":["post-82223","post","type-post","status-publish","format-standard","has-post-thumbnail","hentry","category-minuto-a-minuto","category-zona-blanca","tag-benjamin-viveros-montalvo"],"jetpack_featured_media_url":"https:\/\/zonaroja.com.mx\/wp-content\/uploads\/2025\/07\/Dip-Benjamin-Viveros-Montalvo_1.jpg","jetpack_sharing_enabled":true,"_links":{"self":[{"href":"https:\/\/zonaroja.com.mx\/index.php?rest_route=\/wp\/v2\/posts\/82223","targetHints":{"allow":["GET"]}}],"collection":[{"href":"https:\/\/zonaroja.com.mx\/index.php?rest_route=\/wp\/v2\/posts"}],"about":[{"href":"https:\/\/zonaroja.com.mx\/index.php?rest_route=\/wp\/v2\/types\/post"}],"author":[{"embeddable":true,"href":"https:\/\/zonaroja.com.mx\/index.php?rest_route=\/wp\/v2\/users\/2"}],"replies":[{"embeddable":true,"href":"https:\/\/zonaroja.com.mx\/index.php?rest_route=%2Fwp%2Fv2%2Fcomments&post=82223"}],"version-history":[{"count":1,"href":"https:\/\/zonaroja.com.mx\/index.php?rest_route=\/wp\/v2\/posts\/82223\/revisions"}],"predecessor-version":[{"id":82225,"href":"https:\/\/zonaroja.com.mx\/index.php?rest_route=\/wp\/v2\/posts\/82223\/revisions\/82225"}],"wp:featuredmedia":[{"embeddable":true,"href":"https:\/\/zonaroja.com.mx\/index.php?rest_route=\/wp\/v2\/media\/82224"}],"wp:attachment":[{"href":"https:\/\/zonaroja.com.mx\/index.php?rest_route=%2Fwp%2Fv2%2Fmedia&parent=82223"}],"wp:term":[{"taxonomy":"category","embeddable":true,"href":"https:\/\/zonaroja.com.mx\/index.php?rest_route=%2Fwp%2Fv2%2Fcategories&post=82223"},{"taxonomy":"post_tag","embeddable":true,"href":"https:\/\/zonaroja.com.mx\/index.php?rest_route=%2Fwp%2Fv2%2Ftags&post=82223"}],"curies":[{"name":"wp","href":"https:\/\/api.w.org\/{rel}","templated":true}]}}