{"id":82226,"date":"2025-07-09T09:30:00","date_gmt":"2025-07-09T15:30:00","guid":{"rendered":"https:\/\/zonaroja.com.mx\/?p=82226"},"modified":"2025-07-09T07:15:32","modified_gmt":"2025-07-09T13:15:32","slug":"por-impactos-de-balas-la-mayoria-de-mujeres-asesinadas-en-lo-que-va-del-2025","status":"publish","type":"post","link":"https:\/\/zonaroja.com.mx\/?p=82226","title":{"rendered":"Por impactos de balas, la mayor\u00eda de mujeres asesinadas en lo que va del 2025"},"content":{"rendered":"\n<p>Lisbeth Mej\u00eda Reyes\/Zona Roja.<\/p>\n\n\n\n<p>Oaxaca, Oax., a 9 de julio de 2025.- Con disparos de armas de fuego, principalmente, adem\u00e1s de golpes, as\u00ed han sido asesinadas 44 mujeres en el estado de Oaxaca en lo que va del 2025, de acuerdo con los registros del Grupo de Estudios sobre la mujer \u201cRosario Castellanos\u201d (GES Mujer).<\/p>\n\n\n\n<p>Por regi\u00f3n, son el Istmo de Tehuantepec y Valles Centrales los que concentran el mayor n\u00famero de mujeres asesinadas en 2025, pues han registrado 11 y 10 de las muertes, respectivamente.<\/p>\n\n\n\n<p>En el estado la violencia feminicida sigue, pese a la Alerta de Violencia de G\u00e9nero que se estableci\u00f3 desde el 2018.<\/p>\n\n\n\n<p>El \u00faltimo de los asesinatos ocurri\u00f3 este martes en inmediaciones del parque del Amor, en la capital oaxaque\u00f1a. En un ataque armado, y de acuerdo con lo informado por la Fiscal\u00eda General del Estado de Oaxaca, fueron ultimados una mujer, un menor de edad y dos hombres. Entre estos \u00faltimos un l\u00edder transportista de Confederaci\u00f3n Joven de M\u00e9xico, J. Y. L. V.<\/p>\n\n\n\n<p>Con la \u00faltima v\u00edctima, 28 de las 44 mujeres han sido asesinadas con disparos de armas de fuego en este a\u00f1o.<\/p>\n\n\n\n<p>Entre las \u00faltimas v\u00edctimas de probables feminicidios se encuentran la joven Maricela A. A., quien hab\u00eda desaparecido el 4 de julio en \u00c1lvaro Obreg\u00f3n, Juchit\u00e1n, y fue hallada sin vida el pasado lunes, con signos de violencia. La otra mujer localizada sin vida ese d\u00eda fue Remedios Rosa M. V., en Santa Luc\u00eda del Camino. Al margen de las investigaciones para determinar la causa exacta del deceso, la Fiscal\u00eda General del Estado de Oaxaca se\u00f1al\u00f3 que este \u00faltimo caso est\u00e1 relacionado con antecedentes cl\u00ednico de trastornos psicol\u00f3gicos y psiqui\u00e1tricos.<\/p>\n\n\n\n<p>LAS DESAPARICIONES<\/p>\n\n\n\n<p>Adem\u00e1s de las v\u00edctimas de asesinatos violentos, en lo que va del 2025 tambi\u00e9n se han registrado m\u00e1s de 200 mujeres desaparecidas entre enero y los primeros d\u00edas de julio. Aunque varias han aparecido con vida, de otras m\u00e1s a\u00fan se desconoce su paradero y en muchos casos han sido localizadas sin vida y con signos de violencia, como ocurri\u00f3 con Maricela A. A.<\/p>\n\n\n\n<p>El su contador de la violencia feminicida, la organizaci\u00f3n Consorcio registra 218 mujeres desaparecidas del 1 de enero al 8 de julio. Es decir, por lo menos una mujer cada d\u00eda.<\/p>\n","protected":false},"excerpt":{"rendered":"<p>Lisbeth Mej\u00eda Reyes\/Zona Roja. Oaxaca, Oax., a 9 de julio de 2025.- Con disparos de&hellip;<\/p>\n","protected":false},"author":2,"featured_media":74063,"comment_status":"closed","ping_status":"open","sticky":false,"template":"","format":"standard","meta":{"_lmt_disableupdate":"","_lmt_disable":"","_jetpack_memberships_contains_paid_content":false,"footnotes":""},"categories":[109,47],"tags":[610],"class_list":["post-82226","post","type-post","status-publish","format-standard","has-post-thumbnail","hentry","category-minuto-a-minuto","category-zona-gris","tag-feminicidios-oaxaca"],"jetpack_featured_media_url":"https:\/\/zonaroja.com.mx\/wp-content\/uploads\/2024\/11\/Feminicidio-asesinato-mujer.jpg","jetpack_sharing_enabled":true,"_links":{"self":[{"href":"https:\/\/zonaroja.com.mx\/index.php?rest_route=\/wp\/v2\/posts\/82226","targetHints":{"allow":["GET"]}}],"collection":[{"href":"https:\/\/zonaroja.com.mx\/index.php?rest_route=\/wp\/v2\/posts"}],"about":[{"href":"https:\/\/zonaroja.com.mx\/index.php?rest_route=\/wp\/v2\/types\/post"}],"author":[{"embeddable":true,"href":"https:\/\/zonaroja.com.mx\/index.php?rest_route=\/wp\/v2\/users\/2"}],"replies":[{"embeddable":true,"href":"https:\/\/zonaroja.com.mx\/index.php?rest_route=%2Fwp%2Fv2%2Fcomments&post=82226"}],"version-history":[{"count":1,"href":"https:\/\/zonaroja.com.mx\/index.php?rest_route=\/wp\/v2\/posts\/82226\/revisions"}],"predecessor-version":[{"id":82227,"href":"https:\/\/zonaroja.com.mx\/index.php?rest_route=\/wp\/v2\/posts\/82226\/revisions\/82227"}],"wp:featuredmedia":[{"embeddable":true,"href":"https:\/\/zonaroja.com.mx\/index.php?rest_route=\/wp\/v2\/media\/74063"}],"wp:attachment":[{"href":"https:\/\/zonaroja.com.mx\/index.php?rest_route=%2Fwp%2Fv2%2Fmedia&parent=82226"}],"wp:term":[{"taxonomy":"category","embeddable":true,"href":"https:\/\/zonaroja.com.mx\/index.php?rest_route=%2Fwp%2Fv2%2Fcategories&post=82226"},{"taxonomy":"post_tag","embeddable":true,"href":"https:\/\/zonaroja.com.mx\/index.php?rest_route=%2Fwp%2Fv2%2Ftags&post=82226"}],"curies":[{"name":"wp","href":"https:\/\/api.w.org\/{rel}","templated":true}]}}