{"id":82231,"date":"2025-07-09T11:18:00","date_gmt":"2025-07-09T17:18:00","guid":{"rendered":"https:\/\/zonaroja.com.mx\/?p=82231"},"modified":"2025-07-09T11:38:04","modified_gmt":"2025-07-09T17:38:04","slug":"otra-vez-va-trump-por-arancel-de-50-al-cobre-y-200-a-medicinas","status":"publish","type":"post","link":"https:\/\/zonaroja.com.mx\/?p=82231","title":{"rendered":"\u00a1Otra vez! Va Trump por arancel\u00a0de 50% al cobre y 200% a medicinas"},"content":{"rendered":"\n<p>Redacci\u00f3n\/Zona Roja Cdmx.<\/p>\n\n\n\n<p>Ciudad de M\u00e9xico, a 9 de julio de 2025.- El presidente de Estados Unidos, Donald Trump, anunci\u00f3 que impondr\u00e1 un arancel de 50 por ciento a las importaciones de cobre y de 200 por ciento a productos farmac\u00e9uticos, de acuerdo con declaraciones realizadas en una reuni\u00f3n de gabinete en la Casa Blanca.<\/p>\n\n\n\n<p>\u201cCreo que el arancel al cobre lo vamos a poner en 50 por ciento\u201d, dijo Trump al ser cuestionado por reporteros sobre la tarifa que aplicar\u00e1 a este metal, al tiempo que confirm\u00f3 que tambi\u00e9n impondr\u00e1 grav\u00e1menes a productos farmac\u00e9uticos y semiconductores.<\/p>\n\n\n\n<p>Para los medicamentos, ofreci\u00f3 un plazo de hasta 18 meses para que las empresas trasladen su producci\u00f3n a EU antes de enfrentar aranceles del 200 por ciento. Trascendi\u00f3 que en el cobre, la entrada en vigor ser\u00eda a finales de julio.<\/p>\n\n\n\n<p>\u201cVamos a darles a las farmac\u00e9uticas cerca de un a\u00f1o, a\u00f1o y medio, para que entren (al pa\u00eds). Despu\u00e9s de eso, ser\u00e1n objeto de aranceles muy, muy altos\u201d, advirti\u00f3 Trump, quien justific\u00f3 su estrategia en investigaciones abiertas bajo la Secci\u00f3n 232 de la Ley de Expansi\u00f3n Comercial de 1962, por motivos de seguridad nacional.<\/p>\n\n\n\n<p>LLAMADA URGENTE<\/p>\n\n\n\n<p>El anuncio tom\u00f3 por sorpresa a M\u00e9xico. El secretario de Econom\u00eda, Marcelo Ebrard, confirm\u00f3 que sostendr\u00e1 una llamada con autoridades estadounidenses para conocer detalles t\u00e9cnicos del arancel al cobre y definir la posici\u00f3n oficial del pa\u00eds.<\/p>\n\n\n\n<p>\u201cPrimero nos vamos a enterar m\u00e1s en detalle. Yo tendr\u00e9 hoy (ayer) llamada con autoridades de Estados Unidos y ya te podr\u00e9 dar una posici\u00f3n m\u00e1s precisa. Porque ni ellos sab\u00edan\u201d, se\u00f1al\u00f3 Ebrard al ser abordado por la prensa tras la entrega del certificado Hecho en M\u00e9xico a la empresa Mobility ADO.<\/p>\n\n\n\n<p>Aunque enfatiz\u00f3 que M\u00e9xico no ha recibido ninguna notificaci\u00f3n oficial sobre esta medida, Ebrard no descart\u00f3 impactos y reiter\u00f3 que el gobierno mexicano est\u00e1 esperando mayor informaci\u00f3n.<\/p>\n\n\n\n<p>El cobre se suma as\u00ed a la lista de metales estrat\u00e9gicos que Trump ha gravado en su segundo mandato, junto con el acero, el aluminio y las autopartes. La imposici\u00f3n del arancel se da luego de que, en febrero, se iniciara una investigaci\u00f3n formal sobre las importaciones de cobre, cuyo informe ya estar\u00eda en fase de conclusiones.<\/p>\n\n\n\n<p>(Informaci\u00f3n de \u201cEl Financiero\u201d)<\/p>\n","protected":false},"excerpt":{"rendered":"<p>Redacci\u00f3n\/Zona Roja Cdmx. Ciudad de M\u00e9xico, a 9 de julio de 2025.- El presidente de&hellip;<\/p>\n","protected":false},"author":2,"featured_media":78631,"comment_status":"closed","ping_status":"open","sticky":false,"template":"","format":"standard","meta":{"_lmt_disableupdate":"","_lmt_disable":"","_jetpack_memberships_contains_paid_content":false,"footnotes":""},"categories":[109,47],"tags":[1060],"class_list":["post-82231","post","type-post","status-publish","format-standard","has-post-thumbnail","hentry","category-minuto-a-minuto","category-zona-gris","tag-donald-trump"],"jetpack_featured_media_url":"https:\/\/zonaroja.com.mx\/wp-content\/uploads\/2025\/03\/Donald-Trump-firma-ordenes.webp","jetpack_sharing_enabled":true,"_links":{"self":[{"href":"https:\/\/zonaroja.com.mx\/index.php?rest_route=\/wp\/v2\/posts\/82231","targetHints":{"allow":["GET"]}}],"collection":[{"href":"https:\/\/zonaroja.com.mx\/index.php?rest_route=\/wp\/v2\/posts"}],"about":[{"href":"https:\/\/zonaroja.com.mx\/index.php?rest_route=\/wp\/v2\/types\/post"}],"author":[{"embeddable":true,"href":"https:\/\/zonaroja.com.mx\/index.php?rest_route=\/wp\/v2\/users\/2"}],"replies":[{"embeddable":true,"href":"https:\/\/zonaroja.com.mx\/index.php?rest_route=%2Fwp%2Fv2%2Fcomments&post=82231"}],"version-history":[{"count":1,"href":"https:\/\/zonaroja.com.mx\/index.php?rest_route=\/wp\/v2\/posts\/82231\/revisions"}],"predecessor-version":[{"id":82232,"href":"https:\/\/zonaroja.com.mx\/index.php?rest_route=\/wp\/v2\/posts\/82231\/revisions\/82232"}],"wp:featuredmedia":[{"embeddable":true,"href":"https:\/\/zonaroja.com.mx\/index.php?rest_route=\/wp\/v2\/media\/78631"}],"wp:attachment":[{"href":"https:\/\/zonaroja.com.mx\/index.php?rest_route=%2Fwp%2Fv2%2Fmedia&parent=82231"}],"wp:term":[{"taxonomy":"category","embeddable":true,"href":"https:\/\/zonaroja.com.mx\/index.php?rest_route=%2Fwp%2Fv2%2Fcategories&post=82231"},{"taxonomy":"post_tag","embeddable":true,"href":"https:\/\/zonaroja.com.mx\/index.php?rest_route=%2Fwp%2Fv2%2Ftags&post=82231"}],"curies":[{"name":"wp","href":"https:\/\/api.w.org\/{rel}","templated":true}]}}