{"id":82236,"date":"2025-07-09T14:23:00","date_gmt":"2025-07-09T20:23:00","guid":{"rendered":"https:\/\/zonaroja.com.mx\/?p=82236"},"modified":"2025-07-09T08:23:37","modified_gmt":"2025-07-09T14:23:37","slug":"opinion-lo-que-la-primavera-toca-lo-desvirtua","status":"publish","type":"post","link":"https:\/\/zonaroja.com.mx\/?p=82236","title":{"rendered":"Opini\u00f3n. Lo que la primavera toca, lo desvirt\u00faa"},"content":{"rendered":"\n<p>N\u00e9stor Y. S\u00e1nchez Islas.<\/p>\n\n\n\n<p>Nuestra sociedad evoluciona y los cambios son naturales. Sin embargo, una cosa es cambiar y otra desvirtuar. La religi\u00f3n ha cambiado a lo largo de los siglos, pero su sentido sigue siendo el mismo. Esta administraci\u00f3n decidi\u00f3 autonombrarse Primavera oaxaque\u00f1a y, desde el momento que lo hizo con fines pol\u00edticos e ideol\u00f3gicos, desvirtu\u00f3 el significado social que este sobrenombre tiene en la&nbsp;historiograf\u00eda&nbsp;de la lucha por la libertad.<\/p>\n\n\n\n<p>En la historia reciente hay dos movimientos llamados \u201cprimaveras\u201d. La de Praga,&nbsp;en 1968,&nbsp;en&nbsp;donde&nbsp;los checoslovacos intentaron liberarse del yugo sovi\u00e9tico que, sin piedad, los aplast\u00f3 con sus tanques y sus botas ensangrentadas. La otra \u201cprimavera\u201d y mucho m\u00e1s reciente fue la encabezada por varias naciones del norte de \u00c1frica que lucharon contra las dictaduras en Egipto, T\u00fanez, Libia o Siria. Fue una lucha heroica que cobr\u00f3 miles de muertos.<\/p>\n\n\n\n<p>La primavera oaxaque\u00f1a nada tiene de heroica y&nbsp;nunca lleg\u00f3 a ser&nbsp;m\u00e1s que el bloqueos&nbsp;de&nbsp;calles y carreteras durante a\u00f1os, pero no con el fin de cambiar la realidad social y econ\u00f3mica sino, en muchos casos,&nbsp;solo para obtener maletas llenas de efectivo en negociaciones en lo oscurito para despu\u00e9s salir a la calle vestidos de&nbsp;luchadores&nbsp;sociales.&nbsp;En el fondo y como lo vemos hoy, no quer\u00edan un cambio solo quer\u00edan ellos los due\u00f1os del negocio. Las leyes que hoy nos imponen son la prueba de lo que quer\u00edan, en el fondo, es tener el poder y eternizarse en \u00e9l.<\/p>\n\n\n\n<p>Hablemos ahora del tequio, una instituci\u00f3n ancestral de comunidades ind\u00edgenas que este gobierno ha convertido en pol\u00edtica p\u00fablica. El tequio tiene algunas bondades, pero tambi\u00e9n tiene excesos que, ante la sacralizaci\u00f3n de lo ind\u00edgena en estos tiempos, nadie se atreve a criticar. Entre esos excesos est\u00e1 el extremo de que, en algunos casos, puede llegar a convertirse en trabajo forzado cuando se le saca de su contexto social y cultural, como lo hace el gobierno actual cada que convoca a sus mega tequios.<\/p>\n\n\n\n<p>El tequio, c\u00f3mo una pr\u00e1ctica profundamente enraizada en la vida ind\u00edgena puede vaciarse de sentido cuando se transforma en pol\u00edtica p\u00fablica desde arriba, sin respeto por su origen, l\u00f3gica y valores. Cuando el gobierno convierte al tequio en un instrumento oficial, no lo fortalece: lo distorsiona y, a largo plazo, lo debilita.<\/p>\n\n\n\n<p>Esta vieja pr\u00e1ctica, y otras tradiciones de origen ind\u00edgena,&nbsp;son&nbsp;una etiqueta que se usa para imponer obligaciones disfrazadas de tradici\u00f3n con el solo objetivo de obtener legitimidad y propaganda al difundir por todos los medios disponibles, las im\u00e1genes del&nbsp;poderoso en turno con una brocha&nbsp;o escoba&nbsp;en la mano. El tequio deja de serlo cuando se obliga a trav\u00e9s de la coerci\u00f3n, misma que viven muchos de los voluntarios participantes que deben acudir bajo pena de despido, descuento o multa.&nbsp;La primavera convierte una imposici\u00f3n disfraza de tradici\u00f3n porque deja de lado la pluralidad de la sociedad actual que, en su mayor\u00eda, ha crecido ajena a los usos y&nbsp;costumbres ind\u00edgenas y, el tequio, para llamarse as\u00ed, debe realizarse bajo su propio contexto social.<\/p>\n\n\n\n<p>El tequio, que deber\u00eda nacer del sentido de pertenencia a la comunidad y de la solidaridad propia de peque\u00f1as sociedades en beneficio de ellos mismos a trav\u00e9s de la reciprocidad la convierte hoy, el gobierno, en una imposici\u00f3n ajena al esp\u00edritu comunal. La tradici\u00f3n no debe ser sin\u00f3nimo de obediencia ciega y, en cambio, debe ser sujeta a un an\u00e1lisis cr\u00edtico para actualizarla a los contextos actuales en donde la gente depende&nbsp;para vivir&nbsp;de los ingresos de su trabajo y no de lo que la naturaleza le proporcione en su entorno cercano.<\/p>\n\n\n\n<p>El oportunismo gubernamental no entiende que la ayuda voluntaria une a las comunidades, pero la obligaci\u00f3n necesariamente las divide y, al convertirse en pol\u00edtica p\u00fablica, las costumbres son usadas como control pol\u00edtico y sometimiento. S\u00ed quienes participan no la hacen de forma voluntaria podr\u00eda llegar a considerarse como un trabajo forzado que,&nbsp;de acuerdo con la Constituci\u00f3n, es ilegal.<\/p>\n\n\n\n<p>El tequio debe seguir siendo considerado dentro de su contexto y tradici\u00f3n&nbsp;que&nbsp;debe&nbsp;asumirse&nbsp;como un acto simb\u00f3lico, ritual y \u00e9tico dentro de la cosmovisi\u00f3n ind\u00edgena. Cuando el gobierno lo usa como propaganda lo vac\u00eda de significado y lo reduce a un instrumento de legitimaci\u00f3n.<\/p>\n\n\n\n<p>As\u00ed como se est\u00e1 desvirtuando el tequio el gobierno ha venido desvirtuando a la Guelaguetza, o la Fiesta de los Lunes del Cerro. Esta celebraci\u00f3n de origen religioso es hoy una fiesta con fines econ\u00f3micos y, siendo negocio antes que cultura, se permiten inventar toda suerte de convites, calendas y desfiles jam\u00e1s antes considerados, para crear un artificial ambiente de felicidad.<\/p>\n\n\n\n<p>Llegaron al poder enarbolando las banderas del indigenismo y&nbsp;sus tradiciones;&nbsp;hoy son quienes m\u00e1s&nbsp;desvirt\u00faan&nbsp;y sacan&nbsp;raja pol\u00edtica y econ\u00f3mica de&nbsp;ellas.<\/p>\n\n\n\n<p>nestoryuri@yahoo.com<\/p>\n","protected":false},"excerpt":{"rendered":"<p>N\u00e9stor Y. S\u00e1nchez Islas. Nuestra sociedad evoluciona y los cambios son naturales. Sin embargo, una&hellip;<\/p>\n","protected":false},"author":2,"featured_media":67897,"comment_status":"closed","ping_status":"open","sticky":false,"template":"","format":"standard","meta":{"_lmt_disableupdate":"","_lmt_disable":"","_jetpack_memberships_contains_paid_content":false,"footnotes":""},"categories":[456,109],"tags":[3050],"class_list":["post-82236","post","type-post","status-publish","format-standard","has-post-thumbnail","hentry","category-columna","category-minuto-a-minuto","tag-nestor-yuri-sanchez"],"jetpack_featured_media_url":"https:\/\/zonaroja.com.mx\/wp-content\/uploads\/2024\/05\/Opinion-Nestor-Yuri-Sanchez.jpeg","jetpack_sharing_enabled":true,"_links":{"self":[{"href":"https:\/\/zonaroja.com.mx\/index.php?rest_route=\/wp\/v2\/posts\/82236","targetHints":{"allow":["GET"]}}],"collection":[{"href":"https:\/\/zonaroja.com.mx\/index.php?rest_route=\/wp\/v2\/posts"}],"about":[{"href":"https:\/\/zonaroja.com.mx\/index.php?rest_route=\/wp\/v2\/types\/post"}],"author":[{"embeddable":true,"href":"https:\/\/zonaroja.com.mx\/index.php?rest_route=\/wp\/v2\/users\/2"}],"replies":[{"embeddable":true,"href":"https:\/\/zonaroja.com.mx\/index.php?rest_route=%2Fwp%2Fv2%2Fcomments&post=82236"}],"version-history":[{"count":1,"href":"https:\/\/zonaroja.com.mx\/index.php?rest_route=\/wp\/v2\/posts\/82236\/revisions"}],"predecessor-version":[{"id":82237,"href":"https:\/\/zonaroja.com.mx\/index.php?rest_route=\/wp\/v2\/posts\/82236\/revisions\/82237"}],"wp:featuredmedia":[{"embeddable":true,"href":"https:\/\/zonaroja.com.mx\/index.php?rest_route=\/wp\/v2\/media\/67897"}],"wp:attachment":[{"href":"https:\/\/zonaroja.com.mx\/index.php?rest_route=%2Fwp%2Fv2%2Fmedia&parent=82236"}],"wp:term":[{"taxonomy":"category","embeddable":true,"href":"https:\/\/zonaroja.com.mx\/index.php?rest_route=%2Fwp%2Fv2%2Fcategories&post=82236"},{"taxonomy":"post_tag","embeddable":true,"href":"https:\/\/zonaroja.com.mx\/index.php?rest_route=%2Fwp%2Fv2%2Ftags&post=82236"}],"curies":[{"name":"wp","href":"https:\/\/api.w.org\/{rel}","templated":true}]}}