{"id":82239,"date":"2025-07-09T13:15:00","date_gmt":"2025-07-09T19:15:00","guid":{"rendered":"https:\/\/zonaroja.com.mx\/?p=82239"},"modified":"2025-07-09T13:15:00","modified_gmt":"2025-07-09T19:15:00","slug":"tras-mas-de-24-horas-retiran-bloqueo-en-centro-de-la-ciudad-de-oaxaca","status":"publish","type":"post","link":"https:\/\/zonaroja.com.mx\/?p=82239","title":{"rendered":"Tras m\u00e1s de 24 horas, retiran bloqueo en centro de la ciudad de Oaxaca&nbsp;"},"content":{"rendered":"\n<p>Lisbeth Mej\u00eda Reyes\/Zona Roja.&nbsp;<\/p>\n\n\n\n<p>Oaxaca, Oax., a 9 de julio de 2025.- Luero de las de 24 horas, empleados de salud afiliados al sindicato Fuerza Independiente de Trabajadores de la Salud (Fintras) retiraron su protesta en el centro de la ciudad de Oaxaca, como parte de la movilizaci\u00f3n nacional para exigir al programa federal IMSS-Bienestar el cumplimiento de diversas demandas laborales.<\/p>\n\n\n\n<p>La manifestaci\u00f3n convocada por Fintras comenz\u00f3 este martes en varios estados como Chiapas, Veracruz y Ciudad de M\u00e9xico, as\u00ed como en la capital oaxaque\u00f1a, a trav\u00e9s de plantones en los que las exigencias son similares y, de acuerdo y los manifestantes, derivan de dos a\u00f1os de mesas de negociaci\u00f3n en las que no han obtenido respuestas favorables.<\/p>\n\n\n\n<p>En la ciudad de Oaxaca y a nivel nacional m\u00e1s exigencias son similares: el cumplimiento de los nombramientos a las y los trabajadores, el pago de los d\u00edas festivos laborados en el 2024, el pago de primas dominicales y el equipamiento e insumos para las unidades de salud adheridas al programa.&nbsp;<\/p>\n\n\n\n<p>Por entidades, algunas demandas espec\u00edficas son las circulares para los traslados en Baja California Sur y el respeto a licencia de cuidados de maternidad para Zacatecas.<\/p>\n\n\n\n<p>Ayer por la tarde ya se logr\u00f3 una mesa de di\u00e1logo entre representantes de Fintras y autoridades de Gobernaci\u00f3n en la Ciudad de M\u00e9xico, pero la representaci\u00f3n del sindicato en Oaxaca se\u00f1alaba que la primera minuta no contempla compromisos reales de parte del IMSS -Bienestar.&nbsp;<\/p>\n\n\n\n<p>Adem\u00e1s de que a pesar del compromiso de las autoridades federales para entregar anoche una minuta firmada, el documento carec\u00eda de las firmas, lo que acrecent\u00f3 la inconformidad del sindicato.<\/p>\n\n\n\n<p>\u00abNos molesta much\u00edsimo que el gobierno no est\u00e9 tomando en serio a los trabajadores, que no se est\u00e9 tomando en serio el tema de insumos y equipamiento de las unidades, que no le est\u00e9 importando todo esto\u00bb, explic\u00f3 esta ma\u00f1ana en Oaxaca una representante, quien tambi\u00e9n acus\u00f3 la represi\u00f3n sufrida por sus compa\u00f1eros en la capital del pa\u00eds, por parte de la polic\u00eda de Ciudad de M\u00e9xico.<\/p>\n\n\n\n<p>Conscientes de las afectaciones viales en la ciudad de Oaxaca, el grupo de empleados apel\u00f3 a la comprensi\u00f3n ciudadana, pues ha esperado mucho tiempo por el cumplimiento de las autoridades federales y esta es su primera manifestaci\u00f3n.&nbsp;<\/p>\n\n\n\n<p>\u00abEsto es penoso para nosotros, pero hay que llegar a los extremos para poder alzar la voz\u00bb, extern\u00f3 la integrante del grupo representativo del Fintras Oaxaca.<\/p>\n\n\n\n<p>Despu\u00e9s de las 10 de la ma\u00f1ana, fue retirado el bloqueo en el cruce de la avenida de La Independencia y la calle Garc\u00eda Vigil, a un costado de la Alameda de Le\u00f3n.<\/p>\n","protected":false},"excerpt":{"rendered":"<p>Lisbeth Mej\u00eda Reyes\/Zona Roja.&nbsp; Oaxaca, Oax., a 9 de julio de 2025.- Luero de las&hellip;<\/p>\n","protected":false},"author":2,"featured_media":82238,"comment_status":"closed","ping_status":"open","sticky":false,"template":"","format":"standard","meta":{"_lmt_disableupdate":"","_lmt_disable":"","_jetpack_memberships_contains_paid_content":false,"footnotes":""},"categories":[109,47],"tags":[],"class_list":["post-82239","post","type-post","status-publish","format-standard","has-post-thumbnail","hentry","category-minuto-a-minuto","category-zona-gris"],"jetpack_featured_media_url":"https:\/\/zonaroja.com.mx\/wp-content\/uploads\/2025\/07\/1a51ae79-15f5-4fdc-b0e4-87b8b75a710e-1.jpg","jetpack_sharing_enabled":true,"_links":{"self":[{"href":"https:\/\/zonaroja.com.mx\/index.php?rest_route=\/wp\/v2\/posts\/82239","targetHints":{"allow":["GET"]}}],"collection":[{"href":"https:\/\/zonaroja.com.mx\/index.php?rest_route=\/wp\/v2\/posts"}],"about":[{"href":"https:\/\/zonaroja.com.mx\/index.php?rest_route=\/wp\/v2\/types\/post"}],"author":[{"embeddable":true,"href":"https:\/\/zonaroja.com.mx\/index.php?rest_route=\/wp\/v2\/users\/2"}],"replies":[{"embeddable":true,"href":"https:\/\/zonaroja.com.mx\/index.php?rest_route=%2Fwp%2Fv2%2Fcomments&post=82239"}],"version-history":[{"count":1,"href":"https:\/\/zonaroja.com.mx\/index.php?rest_route=\/wp\/v2\/posts\/82239\/revisions"}],"predecessor-version":[{"id":82240,"href":"https:\/\/zonaroja.com.mx\/index.php?rest_route=\/wp\/v2\/posts\/82239\/revisions\/82240"}],"wp:featuredmedia":[{"embeddable":true,"href":"https:\/\/zonaroja.com.mx\/index.php?rest_route=\/wp\/v2\/media\/82238"}],"wp:attachment":[{"href":"https:\/\/zonaroja.com.mx\/index.php?rest_route=%2Fwp%2Fv2%2Fmedia&parent=82239"}],"wp:term":[{"taxonomy":"category","embeddable":true,"href":"https:\/\/zonaroja.com.mx\/index.php?rest_route=%2Fwp%2Fv2%2Fcategories&post=82239"},{"taxonomy":"post_tag","embeddable":true,"href":"https:\/\/zonaroja.com.mx\/index.php?rest_route=%2Fwp%2Fv2%2Ftags&post=82239"}],"curies":[{"name":"wp","href":"https:\/\/api.w.org\/{rel}","templated":true}]}}