{"id":82241,"date":"2025-07-09T16:25:53","date_gmt":"2025-07-09T22:25:53","guid":{"rendered":"https:\/\/zonaroja.com.mx\/?p=82241"},"modified":"2025-07-09T16:25:55","modified_gmt":"2025-07-09T22:25:55","slug":"avanzan-negociaciones-para-ferias-y-exposiciones-en-oaxaca-capital","status":"publish","type":"post","link":"https:\/\/zonaroja.com.mx\/?p=82241","title":{"rendered":"Avanzan negociaciones para ferias y exposiciones en Oaxaca capital"},"content":{"rendered":"\n<p>Raymundo Morales\/Zona Roja.<\/p>\n\n\n\n<p>Oaxaca, Oax., a 9 de julio de 205.- Una vez aprobado por el Cabildo de Oaxaca de Ju\u00e1rez el permiso para los puestos que se instalar\u00e1n en la verbena con motivo de las festividades del Carmen Alto, la autoridad municipal inform\u00f3 que avanza en el di\u00e1logo con organizaciones.<\/p>\n\n\n\n<p>La m\u00e1s reciente reuni\u00f3n en el palacio municipal se efectu\u00f3 con el grupo que encabezan M\u00edriam Ruiz Garc\u00eda y Claudia V\u00e1squez Aquino y la Secretar\u00eda de Gobierno y Territorio, el pasado 30 de junio, en que se logr\u00f3 un primer acuerdo acerca de los espacios posibles.<\/p>\n\n\n\n<p>De manera preliminar, se prev\u00e9 que se les otorguen alrededor de 100 puestos, en el marco de las festividades de la Guelaguetza 2025. En tanto, el ayuntamiento dio a conocer que contin\u00faa el di\u00e1logo con los dem\u00e1s grupos que tradicionalmente han solicitado permisos para expender sus mercanc\u00edas artesanales.<\/p>\n\n\n\n<p>No obstante, de acuerdo con un video que se difundi\u00f3 ayer, el grupo de M\u00edriam Ruiz y Claudia V\u00e1squez irrumpieron de manera violenta las oficinas de la Secretar\u00eda de Gobierno municipal, exigiendo audiencia.<\/p>\n\n\n\n<p>Ello pese a que ya hab\u00edan sido atendidos y se logr\u00f3 con ellos un acuerdo; sin embargo, exigen al menos 200 espacios en total.<\/p>\n\n\n\n<p>El gobierno de Oaxaca de Ju\u00e1rez, que preside Raymundo Chagoya, precis\u00f3 que no ceder\u00e1 ni a presiones ni a chantajes por parte de algunos dirigentes y que la aprobaci\u00f3n del n\u00famero de puestos de venta para las fiestas de la Guelaguetza ser\u00e1 decisi\u00f3n final de la comisi\u00f3n respectiva y del Cabildo municipal.<\/p>\n","protected":false},"excerpt":{"rendered":"<p>Raymundo Morales\/Zona Roja. Oaxaca, Oax., a 9 de julio de 205.- Una vez aprobado por&hellip;<\/p>\n","protected":false},"author":2,"featured_media":82242,"comment_status":"closed","ping_status":"open","sticky":false,"template":"","format":"standard","meta":{"_lmt_disableupdate":"","_lmt_disable":"","_jetpack_memberships_contains_paid_content":false,"footnotes":""},"categories":[109,46],"tags":[148],"class_list":["post-82241","post","type-post","status-publish","format-standard","has-post-thumbnail","hentry","category-minuto-a-minuto","category-zona-blanca","tag-oaxaca-de-juarez"],"jetpack_featured_media_url":"https:\/\/zonaroja.com.mx\/wp-content\/uploads\/2025\/07\/Comerciantes-expo-ciudad-de-Oaxaca.jpg","jetpack_sharing_enabled":true,"_links":{"self":[{"href":"https:\/\/zonaroja.com.mx\/index.php?rest_route=\/wp\/v2\/posts\/82241","targetHints":{"allow":["GET"]}}],"collection":[{"href":"https:\/\/zonaroja.com.mx\/index.php?rest_route=\/wp\/v2\/posts"}],"about":[{"href":"https:\/\/zonaroja.com.mx\/index.php?rest_route=\/wp\/v2\/types\/post"}],"author":[{"embeddable":true,"href":"https:\/\/zonaroja.com.mx\/index.php?rest_route=\/wp\/v2\/users\/2"}],"replies":[{"embeddable":true,"href":"https:\/\/zonaroja.com.mx\/index.php?rest_route=%2Fwp%2Fv2%2Fcomments&post=82241"}],"version-history":[{"count":1,"href":"https:\/\/zonaroja.com.mx\/index.php?rest_route=\/wp\/v2\/posts\/82241\/revisions"}],"predecessor-version":[{"id":82243,"href":"https:\/\/zonaroja.com.mx\/index.php?rest_route=\/wp\/v2\/posts\/82241\/revisions\/82243"}],"wp:featuredmedia":[{"embeddable":true,"href":"https:\/\/zonaroja.com.mx\/index.php?rest_route=\/wp\/v2\/media\/82242"}],"wp:attachment":[{"href":"https:\/\/zonaroja.com.mx\/index.php?rest_route=%2Fwp%2Fv2%2Fmedia&parent=82241"}],"wp:term":[{"taxonomy":"category","embeddable":true,"href":"https:\/\/zonaroja.com.mx\/index.php?rest_route=%2Fwp%2Fv2%2Fcategories&post=82241"},{"taxonomy":"post_tag","embeddable":true,"href":"https:\/\/zonaroja.com.mx\/index.php?rest_route=%2Fwp%2Fv2%2Ftags&post=82241"}],"curies":[{"name":"wp","href":"https:\/\/api.w.org\/{rel}","templated":true}]}}