{"id":82244,"date":"2025-07-09T19:35:23","date_gmt":"2025-07-10T01:35:23","guid":{"rendered":"https:\/\/zonaroja.com.mx\/?p=82244"},"modified":"2025-07-09T19:35:26","modified_gmt":"2025-07-10T01:35:26","slug":"confirman-resolucion-de-la-onu-al-estado-mexicano-por-caso-oaxaca","status":"publish","type":"post","link":"https:\/\/zonaroja.com.mx\/?p=82244","title":{"rendered":"Confirman resoluci\u00f3n de la ONU al Estado mexicano por caso Oaxaca"},"content":{"rendered":"\n<p>Raymundo Morales\/Zona Roja.<\/p>\n\n\n\n<p>Oaxaca, Oax., a 9 de julio de 2025.- El Centro de Derechos Humanos y Asesor\u00eda a Pueblos Ind\u00edgenas (Cedhapi) confirm\u00f3 hoy que el Comit\u00e9 Contra la Desaparici\u00f3n Forzada de la ONU emiti\u00f3 una resoluci\u00f3n por la desaparici\u00f3n de una persona en Oaxaca.<\/p>\n\n\n\n<p>El 7 de noviembre del 2017, Alexis Mar\u00edn Ram\u00edrez, de 20 a\u00f1os de edad, fue desaparecido en el momento que circulaba sobre la carretera que comunica de la poblaci\u00f3n de San Miguel Rl Grande a la Heroica Ciudad de Tlaxiaco, a un kil\u00f3metro antes del poblado de Palo de Letra, Tlaxiaco.<\/p>\n\n\n\n<p>Por lo que tras la denuncia, la Fiscal\u00eda General del Estado inici\u00f3 la carpeta de investigaci\u00f3n 1031\/(FEDAI)\/2017, ante la Unidad Especializada en el Combate al Secuestro de la Fiscal\u00eda Especializada para la Atenci\u00f3n a Delitos de Alto Impacto.<\/p>\n\n\n\n<p>As\u00ed mismo, se inici\u00f3 el Cuaderno&nbsp; de Antecedentes 03\/CCUEDF\/2019, ante el Agente del Ministerio P\u00fablico de la Unidad Especializada en Personas Desaparecidas de la Fiscal\u00eda General del Estado de Oaxaca.<\/p>\n\n\n\n<p>Ante la tardanza en la localizaci\u00f3n de Alexis, familiares del joven y el Cedhapi recurrieron a la instancia internacional y en su 28 per\u00edodo de sesiones, respecto de la comunicaci\u00f3n n\u00famero 05\/2021, emiti\u00f3 una resoluci\u00f3n al Estado mexicano para:<\/p>\n\n\n\n<p>a) Llevar a cabo una pronta investigaci\u00f3n efectiva, exhaustiva, imparcial, independiente y transparente sobre las circunstancias de la desaparici\u00f3n de Alexis Mar\u00edn Ram\u00edrez, con miras de establecer la verdad sobre su desaparici\u00f3n forzada;<\/p>\n\n\n\n<p>b) Proporcionar a los autores informaci\u00f3n detallada sobre los progresos y resultados de dicha investigaci\u00f3n;<\/p>\n\n\n\n<p>c) Procesar, juzgar y sancionar a los autores y responsables de la desaparici\u00f3n forzada de Alexis Mar\u00edn Ram\u00edrez;<\/p>\n\n\n\n<p>d) Adoptar todas las medidas apropiadas para buscar, localizar y liberar a Alexis Mar\u00edn Ram\u00edrez y, en caso de fallecimiento, localizar, respetar y restituir sus restos, considerando y respetando los patrones culturales espec\u00edficas de los autores como miembros de comunidades ind\u00edgenas de conformidad con el principio 4 de los principios rectores de la b\u00fasqueda de personas desaparecidas;<\/p>\n\n\n\n<p>e) Conceder a los autores una reparaci\u00f3n integral, incluida y una indemnizaci\u00f3n pronta, justa y adecuada, de conformidad con los p\u00e1rrafos 4 y 5 del art\u00edculo 24 de la convenci\u00f3n;<\/p>\n\n\n\n<p>f) Adoptar todas las medidas necesarias para hacer efectivas las garant\u00edas de no repetici\u00f3n establecidas en el apartado d) del p\u00e1rrafo 5 del art\u00edculo 24 de la convenci\u00f3n, en particular:<\/p>\n\n\n\n<p>i) Implementar las recomendaciones formuladas por el comit\u00e9 en su informe de visita a M\u00e9xico, espec\u00edficamente en los p\u00e1rrafos 31 y 32 de sus conclusiones, relativas al establecimiento de una pol\u00edtica nacional para prevenir y erradicar la desaparici\u00f3n forzada, y los p\u00e1rrafos 14, 74 y 75 de sus Recomendaciones, relativos al establecimiento de una estrategia global e integral de b\u00fasqueda e investigaci\u00f3n y al enfoque diferencial en los procedimientos de b\u00fasqueda e investigaci\u00f3n.<\/p>\n\n\n\n<p>ii) Establecer un mecanismo de coordinaci\u00f3n entre autoridades estatales, locales e ind\u00edgenas para la b\u00fasqueda e investigaci\u00f3n de desapariciones forzadas en la regi\u00f3n.<\/p>\n\n\n\n<p>De la misma manera, de acuerdo con el punto 13 de dictamen: Se insta al Estado parte que publique el presente dictamen y que difunda ampliamente su contenido, en particular, pero no exclusivamente entre los miembros de la Fiscal\u00edas Estatales y General de la Rep\u00fablica, que investigan las desapariciones.<\/p>\n\n\n\n<p>Tambi\u00e9n, el comit\u00e9 solicita al Estado parte que le informe, en un plazo de seis meses contados a partir de la fecha de transmisi\u00f3n del presente dictamen, sobre las medidas que haya adoptado con el fin de implementar las anteriores recomendaciones.<\/p>\n\n\n\n<p>De acuerdo con el Cedhapi, en el estado de Oaxaca existen un gran \u00edndice de personas desaparecidas, del 2023 a mayo 2025 se encuentran registradas mil 879 personas desaparecidas por desaparici\u00f3n forzada y desaparici\u00f3n cometida por particulares; sin embargo datos previos al 2023 no se encuentran p\u00fablicos y los n\u00fameros registrados en el registro nacional de personas desaparecidas son m\u00ednimos.<\/p>\n","protected":false},"excerpt":{"rendered":"<p>Raymundo Morales\/Zona Roja. Oaxaca, Oax., a 9 de julio de 2025.- El Centro de Derechos&hellip;<\/p>\n","protected":false},"author":2,"featured_media":82245,"comment_status":"closed","ping_status":"open","sticky":false,"template":"","format":"standard","meta":{"_lmt_disableupdate":"","_lmt_disable":"","_jetpack_memberships_contains_paid_content":false,"footnotes":""},"categories":[109,46],"tags":[4250],"class_list":["post-82244","post","type-post","status-publish","format-standard","has-post-thumbnail","hentry","category-minuto-a-minuto","category-zona-blanca","tag-alexis-marin-ramirez"],"jetpack_featured_media_url":"https:\/\/zonaroja.com.mx\/wp-content\/uploads\/2025\/07\/Comite-onu-desaparicion-forzada.jpg","jetpack_sharing_enabled":true,"_links":{"self":[{"href":"https:\/\/zonaroja.com.mx\/index.php?rest_route=\/wp\/v2\/posts\/82244","targetHints":{"allow":["GET"]}}],"collection":[{"href":"https:\/\/zonaroja.com.mx\/index.php?rest_route=\/wp\/v2\/posts"}],"about":[{"href":"https:\/\/zonaroja.com.mx\/index.php?rest_route=\/wp\/v2\/types\/post"}],"author":[{"embeddable":true,"href":"https:\/\/zonaroja.com.mx\/index.php?rest_route=\/wp\/v2\/users\/2"}],"replies":[{"embeddable":true,"href":"https:\/\/zonaroja.com.mx\/index.php?rest_route=%2Fwp%2Fv2%2Fcomments&post=82244"}],"version-history":[{"count":1,"href":"https:\/\/zonaroja.com.mx\/index.php?rest_route=\/wp\/v2\/posts\/82244\/revisions"}],"predecessor-version":[{"id":82246,"href":"https:\/\/zonaroja.com.mx\/index.php?rest_route=\/wp\/v2\/posts\/82244\/revisions\/82246"}],"wp:featuredmedia":[{"embeddable":true,"href":"https:\/\/zonaroja.com.mx\/index.php?rest_route=\/wp\/v2\/media\/82245"}],"wp:attachment":[{"href":"https:\/\/zonaroja.com.mx\/index.php?rest_route=%2Fwp%2Fv2%2Fmedia&parent=82244"}],"wp:term":[{"taxonomy":"category","embeddable":true,"href":"https:\/\/zonaroja.com.mx\/index.php?rest_route=%2Fwp%2Fv2%2Fcategories&post=82244"},{"taxonomy":"post_tag","embeddable":true,"href":"https:\/\/zonaroja.com.mx\/index.php?rest_route=%2Fwp%2Fv2%2Ftags&post=82244"}],"curies":[{"name":"wp","href":"https:\/\/api.w.org\/{rel}","templated":true}]}}