{"id":82256,"date":"2025-07-10T08:00:00","date_gmt":"2025-07-10T14:00:00","guid":{"rendered":"https:\/\/zonaroja.com.mx\/?p=82256"},"modified":"2025-07-10T06:54:28","modified_gmt":"2025-07-10T12:54:28","slug":"inician-en-xoxocotlan-obra-de-electrificacion-subterranea","status":"publish","type":"post","link":"https:\/\/zonaroja.com.mx\/?p=82256","title":{"rendered":"Inician en Xoxocotl\u00e1n obra de electrificaci\u00f3n subterr\u00e1nea\u00a0"},"content":{"rendered":"\n<p>Redacci\u00f3n\/Zona Roja.<\/p>\n\n\n\n<p>Oaxaca, Oax., a 10 de julio de 2025.- El gobierno municipal de Santa Cruz Xoxocotl\u00e1n, que encabeza la presidenta Nancy Ben\u00edtez Z\u00e1rate, arranc\u00f3 la obra de electrificaci\u00f3n subterr\u00e1nea en la colonia Los \u00c1ngeles.&nbsp;<\/p>\n\n\n\n<p>Durante el banderazo de inicio, acompa\u00f1ada de integrantes de su Cabildo y habitantes del lugar, la edil destac\u00f3 la prioridad de su gobierno por ejecutar obras que generen beneficios reales a la poblaci\u00f3n.&nbsp;<\/p>\n\n\n\n<p>La obra, gestionada ante el Gobierno federal mediante el Fondo de Servicio Universal El\u00e9ctrico (FSUE), de la CFE, busca ofrecer servicios p\u00fablicos esenciales en zonas hist\u00f3ricamente vulnerables.&nbsp;<\/p>\n\n\n\n<p>La edil subray\u00f3 la relevancia del trabajo coordinado con el gobernador Salom\u00f3n Jara Cruz y la presidenta de la Rep\u00fablica, Claudia Sheinbaum Pardo, que permiti\u00f3 acceder a recursos del Fondo de Aportaciones para la Infraestructura Social para Pueblos Ind\u00edgenas y Afromexicanos (FAISPIAM).&nbsp;<\/p>\n\n\n\n<p>Estos fondos ser\u00e1n destinados a obras elegidas por la propia comunidad y avaladas por el municipio.<\/p>\n\n\n\n<p>\u201cTrabajamos con colonias, agencias y barrios para priorizar acciones que generen un verdadero beneficio,\u201d afirm\u00f3 Ben\u00edtez Z\u00e1rate.<\/p>\n","protected":false},"excerpt":{"rendered":"<p>Redacci\u00f3n\/Zona Roja. Oaxaca, Oax., a 10 de julio de 2025.- El gobierno municipal de Santa&hellip;<\/p>\n","protected":false},"author":2,"featured_media":82257,"comment_status":"closed","ping_status":"open","sticky":false,"template":"","format":"standard","meta":{"_lmt_disableupdate":"","_lmt_disable":"","_jetpack_memberships_contains_paid_content":false,"footnotes":""},"categories":[109,46],"tags":[],"class_list":["post-82256","post","type-post","status-publish","format-standard","has-post-thumbnail","hentry","category-minuto-a-minuto","category-zona-blanca"],"jetpack_featured_media_url":"https:\/\/zonaroja.com.mx\/wp-content\/uploads\/2025\/07\/Arranca-gobierno-de-Nancy-Benitez-obra-de-electrificacion-subterranea-1.jpeg","jetpack_sharing_enabled":true,"_links":{"self":[{"href":"https:\/\/zonaroja.com.mx\/index.php?rest_route=\/wp\/v2\/posts\/82256","targetHints":{"allow":["GET"]}}],"collection":[{"href":"https:\/\/zonaroja.com.mx\/index.php?rest_route=\/wp\/v2\/posts"}],"about":[{"href":"https:\/\/zonaroja.com.mx\/index.php?rest_route=\/wp\/v2\/types\/post"}],"author":[{"embeddable":true,"href":"https:\/\/zonaroja.com.mx\/index.php?rest_route=\/wp\/v2\/users\/2"}],"replies":[{"embeddable":true,"href":"https:\/\/zonaroja.com.mx\/index.php?rest_route=%2Fwp%2Fv2%2Fcomments&post=82256"}],"version-history":[{"count":1,"href":"https:\/\/zonaroja.com.mx\/index.php?rest_route=\/wp\/v2\/posts\/82256\/revisions"}],"predecessor-version":[{"id":82258,"href":"https:\/\/zonaroja.com.mx\/index.php?rest_route=\/wp\/v2\/posts\/82256\/revisions\/82258"}],"wp:featuredmedia":[{"embeddable":true,"href":"https:\/\/zonaroja.com.mx\/index.php?rest_route=\/wp\/v2\/media\/82257"}],"wp:attachment":[{"href":"https:\/\/zonaroja.com.mx\/index.php?rest_route=%2Fwp%2Fv2%2Fmedia&parent=82256"}],"wp:term":[{"taxonomy":"category","embeddable":true,"href":"https:\/\/zonaroja.com.mx\/index.php?rest_route=%2Fwp%2Fv2%2Fcategories&post=82256"},{"taxonomy":"post_tag","embeddable":true,"href":"https:\/\/zonaroja.com.mx\/index.php?rest_route=%2Fwp%2Fv2%2Ftags&post=82256"}],"curies":[{"name":"wp","href":"https:\/\/api.w.org\/{rel}","templated":true}]}}