{"id":82261,"date":"2025-07-10T09:15:00","date_gmt":"2025-07-10T15:15:00","guid":{"rendered":"https:\/\/zonaroja.com.mx\/?p=82261"},"modified":"2025-07-10T07:42:57","modified_gmt":"2025-07-10T13:42:57","slug":"avanzan-sin-contratiempos-fiestas-de-la-guelaguetza-en-oaxaca","status":"publish","type":"post","link":"https:\/\/zonaroja.com.mx\/?p=82261","title":{"rendered":"Avanzan sin contratiempos fiestas de la Guelaguetza en Oaxaca"},"content":{"rendered":"\n<p>Redacci\u00f3n\/Zona Roja.&nbsp;<\/p>\n\n\n\n<p>Oaxaca, Oax., a 10 de julio de 2025.- La titular de la Secretar\u00eda de Turismo del Estado (Sectur Oaxaca), Saymi Pineda Velasco invit\u00f3 a disfrutar de las 140 actividades que conforman el programa de \u201cJulio, mes de la Guelaguetza 2025\u201d, que incluyen convites de delegaciones que son la antesala de los Lunes del Cerro.<\/p>\n\n\n\n<p>Detall\u00f3 que los pr\u00f3ximos convites se realizar\u00e1n los d\u00edas 11 y 12 de julio, a las 18:00 horas, partiendo de la plazuela Cruz de Piedra, para recorrer la calle de Garc\u00eda Vigil hasta la Alameda de Le\u00f3n.<\/p>\n\n\n\n<p>El 11 de julio las delegaciones participantes ser\u00e1n los Marmoteros, Nitos oaxaque\u00f1os, Villa de Zaachila, Tlacolula de Matamoros, Ejutla de Crespo; y el 12 de julio el recorrido lo realizar\u00e1n Las Chinas Oaxaque\u00f1as de Casilda Flores, San Bartolo Coyotepec, San Antonino Castillo Velasco, Santa Luc\u00eda del Camino, Macuilx\u00f3chitl de Artigas Carranza y Ocotl\u00e1n de Morelos.<\/p>\n\n\n\n<p>La funcionaria record\u00f3 que el primero fue encabezado por la representante de la Diosa Cent\u00e9otl 2025, Patricia Casiano Zaragoza, y registr\u00f3 la afluencia de cuatro mil personas, as\u00ed como la participaci\u00f3n de cinco delegaciones.<\/p>\n\n\n\n<p>EXPOFERIAS<\/p>\n\n\n\n<p>Tambi\u00e9n, Pineda Velasco invit\u00f3 a la \u201cExpo Feria Artesanal de Alebrijes Arrazola 2025\u201d que se instalar\u00e1 en el Andador Tur\u00edstico de Arrazola del 19 de julio al 3 de agosto, en un horario de 10:00 a 20:00 horas, para disfrutar de las creaciones \u00fanicas de m\u00e1s de 30 familias y talleres que resguardan la tradici\u00f3n y magia en la elaboraci\u00f3n de sus piezas.<\/p>\n\n\n\n<p>Adem\u00e1s, destac\u00f3 la \u201cExpo Venta de Alebrijes Guelaguetza 2025 en San Mart\u00edn Tilcajete\u201d, del 18 de julio al 3 de agosto, en un horario de 10:00 a 18:00 horas, en la cancha municipal; con la participaci\u00f3n de 75 familias y 69 personas artesanas que presentar\u00e1n sus obras y complementar\u00e1n con la exposici\u00f3n de diferentes productos como mezcal, org\u00e1nicos, comida tradicional y cer\u00e1mica.<\/p>\n\n\n\n<p>Asimismo, en la \u201cExpo Feria Artesanal y Gastron\u00f3mica de Atzompa 2025\u201d que se realizar\u00e1 del 17 al 24 de julio, podr\u00e1n apreciar el trabajo de m\u00e1s de 50 familias expositoras y adquirir piezas de barro verde vidriado, natural, rojo y policromado, trabajadas en t\u00e9cnicas ancestrales que reflejan la riqueza espiritual, est\u00e9tica y funcional de una cultura viva en el Palacio Municipal de Santa Mar\u00eda Atzompa en un horario de 10:00 a 20:00 horas.<\/p>\n\n\n\n<p>BANI STUI GULAL<\/p>\n\n\n\n<p>El auditorio \u201cGuelaguetza\u201d nuevamente ser\u00e1 sede del Bani Stui Gulal -Repetici\u00f3n de lo Antiguo- que se realizar\u00e1 los viernes 18 y 25 de julio, a las 18:00 horas, con la participaci\u00f3n de m\u00e1s de 100 personas en escena; inform\u00f3 el titular de la Secretar\u00eda de las Culturas y Artes (Seculta), Flavio Sosa Villavicencio.<\/p>\n\n\n\n<p>Durante la conferencia de prensa Guelaguetza 2025, el funcionario invit\u00f3 a las y los oaxaque\u00f1os, as\u00ed como personas visitantes a asistir a las dos presentaciones gratuitas de esta emblem\u00e1tica representaci\u00f3n que muestra el origen de esta fiesta desde las \u00e9pocas prehisp\u00e1nica, colonial, del M\u00e9xico Independiente y contempor\u00e1nea.<\/p>\n\n\n\n<p>El funcionario detall\u00f3 que la entrega de boletos ser\u00e1 abierta y totalmente transparente, en los museos de los Pintores Oaxaque\u00f1os; de Arte Contempor\u00e1neo y de las Culturas Oaxaque\u00f1as; de Arte Prehisp\u00e1nico de M\u00e9xico Rufino Tamayo; Ervin Frissell y Estatal de Arte Popular de Oaxaca.<\/p>\n\n\n\n<p>As\u00ed como en el Taller de Artes Pl\u00e1sticas Rufino Tamayo y las oficinas de la Seculta. Los detalles espec\u00edficos se dar\u00e1n a conocer mediante las redes sociales del Gobierno del Estado.&nbsp;<\/p>\n\n\n\n<p>Sosa Villavicencio destac\u00f3 que en ambas fechas habr\u00e1 presentaciones musicales previas desde las 17:00 horas. El 18 de julio se contar\u00e1 con la participaci\u00f3n de Jazz Mat\u00edas, Los Tejones de Nee Bya y La Furia con Lujuria Sonidera; mientras que, el 25 de julio estar\u00e1n nuevamente Jazz Mat\u00edas, as\u00ed como el grupo musical 3.1416 y Los Tejones de Nee Bya.<\/p>\n\n\n\n<p>Adem\u00e1s, anunci\u00f3 que habr\u00e1 una variada programaci\u00f3n cultural en la Real Alh\u00f3ndiga de Antequera, ubicada en la calle de Aldama n\u00famero 200. Este viernes 11 de julio, se ofrecer\u00e1n dos conciertos: Bellini Santos y su ensamble de trova oaxaque\u00f1a a las 16:00 horas, y V\u00edctor D\u00edaz y su ensamble a las 20:30 horas.<\/p>\n\n\n\n<p>Todas estas actividades forman parte de una agenda cultural integral que la Seculta difundir\u00e1 de manera semanal y diaria, con entrada libre y la participaci\u00f3n de talento 100 por ciento local.<\/p>\n\n\n\n<p>FERIA GASTRON\u00d3MICA<\/p>\n\n\n\n<p>En el marco de las celebraciones de la Guelaguetza 2025, la Secretar\u00eda de Administraci\u00f3n anunci\u00f3 la realizaci\u00f3n de la Feria Gastron\u00f3mica, que se llevar\u00e1 a cabo del 10 al 13 de julio en el Centro Gastron\u00f3mico de Oaxaca, como parte de las actividades que enaltecen la identidad cultural y fortalecen el desarrollo econ\u00f3mico local.<\/p>\n\n\n\n<p>El titular de esta dependencia, Noel Hern\u00e1ndez Rito se\u00f1al\u00f3 que el evento tiene como objetivo reactivar este emblem\u00e1tico espacio y al mismo tiempo promover la riqueza de platillos oaxaque\u00f1os en todas sus expresiones.<\/p>\n\n\n\n<p>El Centro Gastron\u00f3mico de Oaxaca, propiedad del Gobierno del Estado, estuvo cerrado al p\u00fablico durante 2024 y 2025.&nbsp;<\/p>\n\n\n\n<p>La Secretar\u00eda de Administraci\u00f3n, tras concluir el convenio de pr\u00e9stamo con la UTVCO, el 31 de diciembre de 2024, retom\u00f3 la gesti\u00f3n del inmueble para reabrirlo y ponerlo nuevamente al servicio de la ciudadan\u00eda como un espacio dedicado a la cultura, el turismo y la comida local.<\/p>\n\n\n\n<p>Esta Feria contar\u00e1 con la instalaci\u00f3n de ocho cocinas representativas de las regiones del estado, donde se podr\u00e1 disfrutar de la diversidad culinaria que caracteriza a la entidad. Asimismo, habr\u00e1 una muestra de mezcal, m\u00fasica y productos agroindustriales, que reflejan el compromiso de las y los productores con la calidad, tradici\u00f3n e innovaci\u00f3n.<\/p>\n\n\n\n<p>FERIAS ARTESANALES<\/p>\n\n\n\n<p>La Secretar\u00eda de Desarrollo Econ\u00f3mico de Oaxaca (Sedeco) inform\u00f3 que, el 11 de julio, con \u201cLa tlayuda m\u00e1s grande del mundo\u201d se buscar\u00e1 romper el R\u00e9cord Guinness.<\/p>\n\n\n\n<p>En el Parque Primavera Oaxaque\u00f1a Cho Ndob\u00e1, del 11 al 13 de julio, se desarrollar\u00e1 la Expo Venta \u201cDel comal para el mundo: La tlayuda\u201d, en el cual se va a promover la cadena de valor del ma\u00edz y sus derivados.<\/p>\n\n\n\n<p>La emblem\u00e1tica Feria del Mezcal 2025 reunir\u00e1 a 384 empresas de los sectores mezcalero, cafetalero, agroindustrial, artesanal, cervecero y alimentario; del 18 al 29 de julio, en el Centro Cultural y de Convenciones de Oaxaca. Ah\u00ed mismo se llevar\u00e1 a cabo la Expo Feria Artesanal Guelaguetza 2025, que contar\u00e1 con 205 expositores.<\/p>\n\n\n\n<p>Con motivo de la Guelaguetza 2025, se llevar\u00e1 a cabo el Sorteo Especial n\u00famero 301 de la Loter\u00eda Nacional, con un billete conmemorativo que incluye la imagen oficial de las festividades, como s\u00edmbolo de identidad y orgullo del pueblo oaxaque\u00f1o.<\/p>\n","protected":false},"excerpt":{"rendered":"<p>Redacci\u00f3n\/Zona Roja.&nbsp; Oaxaca, Oax., a 10 de julio de 2025.- La titular de la Secretar\u00eda&hellip;<\/p>\n","protected":false},"author":2,"featured_media":82263,"comment_status":"closed","ping_status":"open","sticky":false,"template":"","format":"standard","meta":{"_lmt_disableupdate":"","_lmt_disable":"","_jetpack_memberships_contains_paid_content":false,"footnotes":""},"categories":[109,46],"tags":[2787],"class_list":["post-82261","post","type-post","status-publish","format-standard","has-post-thumbnail","hentry","category-minuto-a-minuto","category-zona-blanca","tag-guelaguetza-oaxaca"],"jetpack_featured_media_url":"https:\/\/zonaroja.com.mx\/wp-content\/uploads\/2025\/07\/Conferencia-Guelaguetza.jpg","jetpack_sharing_enabled":true,"_links":{"self":[{"href":"https:\/\/zonaroja.com.mx\/index.php?rest_route=\/wp\/v2\/posts\/82261","targetHints":{"allow":["GET"]}}],"collection":[{"href":"https:\/\/zonaroja.com.mx\/index.php?rest_route=\/wp\/v2\/posts"}],"about":[{"href":"https:\/\/zonaroja.com.mx\/index.php?rest_route=\/wp\/v2\/types\/post"}],"author":[{"embeddable":true,"href":"https:\/\/zonaroja.com.mx\/index.php?rest_route=\/wp\/v2\/users\/2"}],"replies":[{"embeddable":true,"href":"https:\/\/zonaroja.com.mx\/index.php?rest_route=%2Fwp%2Fv2%2Fcomments&post=82261"}],"version-history":[{"count":1,"href":"https:\/\/zonaroja.com.mx\/index.php?rest_route=\/wp\/v2\/posts\/82261\/revisions"}],"predecessor-version":[{"id":82264,"href":"https:\/\/zonaroja.com.mx\/index.php?rest_route=\/wp\/v2\/posts\/82261\/revisions\/82264"}],"wp:featuredmedia":[{"embeddable":true,"href":"https:\/\/zonaroja.com.mx\/index.php?rest_route=\/wp\/v2\/media\/82263"}],"wp:attachment":[{"href":"https:\/\/zonaroja.com.mx\/index.php?rest_route=%2Fwp%2Fv2%2Fmedia&parent=82261"}],"wp:term":[{"taxonomy":"category","embeddable":true,"href":"https:\/\/zonaroja.com.mx\/index.php?rest_route=%2Fwp%2Fv2%2Fcategories&post=82261"},{"taxonomy":"post_tag","embeddable":true,"href":"https:\/\/zonaroja.com.mx\/index.php?rest_route=%2Fwp%2Fv2%2Ftags&post=82261"}],"curies":[{"name":"wp","href":"https:\/\/api.w.org\/{rel}","templated":true}]}}