{"id":82276,"date":"2025-07-10T13:35:00","date_gmt":"2025-07-10T19:35:00","guid":{"rendered":"https:\/\/zonaroja.com.mx\/?p=82276"},"modified":"2025-07-10T08:36:08","modified_gmt":"2025-07-10T14:36:08","slug":"confrontan-versiones-harfuch-y-bukele-por-decomiso-de-droga","status":"publish","type":"post","link":"https:\/\/zonaroja.com.mx\/?p=82276","title":{"rendered":"Confrontan versiones Harfuch y Bukele por decomiso de droga"},"content":{"rendered":"\n<p>Redacci\u00f3n\/Zona Roja Cdmx.<\/p>\n\n\n\n<p>Ciudad de M\u00e9xico, a 10 de julio de 2025.- El secretario de Seguridad y Protecci\u00f3n Ciudadana, Omar Garc\u00eda Harfuch, asegur\u00f3 este mi\u00e9rcoles 9 de julio que la aeronave que aseguraron con un cargamento de droga en Colima, proven\u00eda de El Salvador, luego de que el presidente de la naci\u00f3n de Centroam\u00e9rica rechazara que haya salido de su pa\u00eds.<\/p>\n\n\n\n<p>A trav\u00e9s de un intercambio de mensajes en la red social X, ambos funcionarios rechazaron versiones de cada uno sobre lo que hab\u00eda pasado con la avioneta que decomisaron.<\/p>\n\n\n\n<p>El presidente de El Salvador, Nayib Bukele, asegur\u00f3 que es falso que la aeronave con droga localizada en Colima proced\u00eda de su pa\u00eds, y tambi\u00e9n indic\u00f3 que \u201cpor esta situaci\u00f3n\u201d llamar\u00e1 a consulta a su embajadora en la naci\u00f3n norteamericana.<\/p>\n\n\n\n<p>Autoridades mexicanas informaron el pasado 4 de julio de la detenci\u00f3n en Colima de tres personas que transportaban 427 kilos de coca\u00edna en una aeronave clandestina detectada a 200 kil\u00f3metros al sur de San Salvador, en el pa\u00eds salvadore\u00f1o.<\/p>\n\n\n\n<p>Entre tanto, el titular de Seguridad y Protecci\u00f3n Ciudadana, Omar Garc\u00eda Harfuch, afirm\u00f3 el martes que la avioneta intervenida en el municipio de Tecom\u00e1n, Colima, proced\u00eda de El Salvador.<\/p>\n\n\n\n<p>\u201cEl Secretario de Seguridad y Protecci\u00f3n Ciudadana de M\u00e9xico, Omar Garc\u00eda Harfuch, declar\u00f3 que la avioneta interceptada en Tecom\u00e1n, Colima, proced\u00eda de El Salvador. FALSO\u201d, public\u00f3 Bukele en X.<\/p>\n\n\n\n<p>Adem\u00e1s, exige al Gobierno de M\u00e9xico \u201cuna aclaraci\u00f3n y rectificaci\u00f3n inmediata respecto a las declaraciones emitidas por su Secretario, Omar Garc\u00eda Harfuch\u201d.<\/p>\n\n\n\n<p>\u00bfDE D\u00d3NDE SALI\u00d3?<\/p>\n\n\n\n<p>De acuerdo con el mandatario, \u201cel 3 de julio, a la 1:00 pm, Costa Rica report\u00f3 una traza sospechosa al noroeste de su territorio. Fueron ellos quienes activaron la alerta regional a trav\u00e9s de APAN, una red centroamericana de seguridad a\u00e9rea\u201d.<\/p>\n\n\n\n<p>Indic\u00f3 que, \u201cseg\u00fan su propio informe, la traza de la avioneta ingres\u00f3 a Costa Rica, desapareci\u00f3 brevemente del radar y luego volvi\u00f3 a aparecer, saliendo hacia el Pac\u00edfico\u201d.<\/p>\n\n\n\n<p>\u201cNuestros radares no registraron ning\u00fan contacto a\u00e9reo dentro de nuestro espacio (\u2026) la traza, adem\u00e1s, fue confirmada por JIATFS Key West (EU), quienes monitorean el tr\u00e1fico a\u00e9reo il\u00edcito en la regi\u00f3n. Su informe es claro: la aeronave sobrevol\u00f3 el oc\u00e9ano Pac\u00edfico y jam\u00e1s toc\u00f3 territorio salvadore\u00f1o\u201d, sigui\u00f3 el presidente salvadore\u00f1o.<\/p>\n\n\n\n<p>Bukele indic\u00f3 que las tres personas detenidas son mexicanos y, de acuerdo a su publicaci\u00f3n, responden a los nombres de Leonardo Alonso Parra P\u00e9rez (piloto), Jos\u00e9 Ad\u00e1n Jalavera Ceballos (copiloto) y Felipe Villa Guti\u00e9rrez.<\/p>\n\n\n\n<p>\u201cEl Salvador no encubre criminales ni tolera el narcotr\u00e1fico, no lo hicimos antes, no lo haremos ahora. Tampoco permitiremos que intenten involucrarnos en operaciones que no nos corresponden ni nos pertenecen\u201d, se\u00f1al\u00f3.<\/p>\n\n\n\n<p>\u201cLlamamos a nuestra embajadora en M\u00e9xico a consulta por esta situaci\u00f3n\u201d, a\u00f1adi\u00f3.<\/p>\n\n\n\n<p>Omar Garc\u00eda Harfuch asegur\u00f3 que el 3 de julio se detect\u00f3 una \u2018traza de inter\u00e9s a 200 kil\u00f3metros de El Salvador\u2019.<\/p>\n\n\n\n<p>La detenci\u00f3n de las personas se deriv\u00f3 de las labores del Centro Nacional de Vigilancia y Protecci\u00f3n del Espacio A\u00e9reo, que detect\u00f3 \u201cla traza\u201d de la aeronave a 200 kil\u00f3metros al sur de San Salvador, la capital del territorio salvadore\u00f1o, rumbo a M\u00e9xico.<\/p>\n\n\n\n<p>Seg\u00fan declar\u00f3 Garc\u00eda Harfuch, el costo de la droga es de 96 millones de pesos. Versi\u00f3n que reafirm\u00f3 este mi\u00e9rcoles en sus redes sociales.<\/p>\n\n\n\n<p>(Informaci\u00f3n de \u201cEl Financiero\u201d)<\/p>\n","protected":false},"excerpt":{"rendered":"<p>Redacci\u00f3n\/Zona Roja Cdmx. Ciudad de M\u00e9xico, a 10 de julio de 2025.- El secretario de&hellip;<\/p>\n","protected":false},"author":2,"featured_media":82277,"comment_status":"closed","ping_status":"open","sticky":false,"template":"","format":"standard","meta":{"_lmt_disableupdate":"","_lmt_disable":"","_jetpack_memberships_contains_paid_content":false,"footnotes":""},"categories":[109,47],"tags":[],"class_list":["post-82276","post","type-post","status-publish","format-standard","has-post-thumbnail","hentry","category-minuto-a-minuto","category-zona-gris"],"jetpack_featured_media_url":"https:\/\/zonaroja.com.mx\/wp-content\/uploads\/2025\/07\/Harfuch-y-Bukele.png.avif","jetpack_sharing_enabled":true,"_links":{"self":[{"href":"https:\/\/zonaroja.com.mx\/index.php?rest_route=\/wp\/v2\/posts\/82276","targetHints":{"allow":["GET"]}}],"collection":[{"href":"https:\/\/zonaroja.com.mx\/index.php?rest_route=\/wp\/v2\/posts"}],"about":[{"href":"https:\/\/zonaroja.com.mx\/index.php?rest_route=\/wp\/v2\/types\/post"}],"author":[{"embeddable":true,"href":"https:\/\/zonaroja.com.mx\/index.php?rest_route=\/wp\/v2\/users\/2"}],"replies":[{"embeddable":true,"href":"https:\/\/zonaroja.com.mx\/index.php?rest_route=%2Fwp%2Fv2%2Fcomments&post=82276"}],"version-history":[{"count":1,"href":"https:\/\/zonaroja.com.mx\/index.php?rest_route=\/wp\/v2\/posts\/82276\/revisions"}],"predecessor-version":[{"id":82278,"href":"https:\/\/zonaroja.com.mx\/index.php?rest_route=\/wp\/v2\/posts\/82276\/revisions\/82278"}],"wp:featuredmedia":[{"embeddable":true,"href":"https:\/\/zonaroja.com.mx\/index.php?rest_route=\/wp\/v2\/media\/82277"}],"wp:attachment":[{"href":"https:\/\/zonaroja.com.mx\/index.php?rest_route=%2Fwp%2Fv2%2Fmedia&parent=82276"}],"wp:term":[{"taxonomy":"category","embeddable":true,"href":"https:\/\/zonaroja.com.mx\/index.php?rest_route=%2Fwp%2Fv2%2Fcategories&post=82276"},{"taxonomy":"post_tag","embeddable":true,"href":"https:\/\/zonaroja.com.mx\/index.php?rest_route=%2Fwp%2Fv2%2Ftags&post=82276"}],"curies":[{"name":"wp","href":"https:\/\/api.w.org\/{rel}","templated":true}]}}