{"id":82286,"date":"2025-07-10T21:12:29","date_gmt":"2025-07-11T03:12:29","guid":{"rendered":"https:\/\/zonaroja.com.mx\/?p=82286"},"modified":"2025-07-10T21:12:31","modified_gmt":"2025-07-11T03:12:31","slug":"mototaxista-novio-de-maricela-la-asesino-en-juchitan-ya-esta-detenido","status":"publish","type":"post","link":"https:\/\/zonaroja.com.mx\/?p=82286","title":{"rendered":"Mototaxista, novio de Maricela, la asesin\u00f3 en Juchit\u00e1n; ya est\u00e1 detenido"},"content":{"rendered":"\n<p>Raymundo Morales\/Zona Roja.<\/p>\n\n\n\n<p>Oaxaca, Oax., a 10 de julio de 2025.- El mototaxista J. M. G. Z., novio de Maricela A. A., es el autor del feminicidio de la joven, perpetrado en la agencia de \u00c1lvaro Obreg\u00f3n, Juchit\u00e1n de Zaragoza.<\/p>\n\n\n\n<p>As\u00ed lo defini\u00f3 la Fiscal\u00eda General del Estado de Oaxaca, al dar a conocer la detenci\u00f3n del presunto homicida, en su domicilio ubicado en la calle Charis Castro de dicha localidad istme\u00f1a.<\/p>\n\n\n\n<p>\u201cEn cada caso de este tipo, va a haber una reacci\u00f3n contundente e inmediata de la Fiscal\u00eda; nuestro p\u00e9same y solidaridad a la familia y estamos trabajando para hacer justicia\u201d, dijo el fiscal Bernardo Rodr\u00edguez Alamilla, durante una conferencia de prensa este jueves.<\/p>\n\n\n\n<p>Maricela A. A. desapareci\u00f3 el pasado 4 de julio pasado y al d\u00eda siguiente la familia interpuso la denuncia correspondiente ante la Vicefiscal\u00eda Regional del Istmo, tras lo cual inici\u00f3 la b\u00fasqueda.<\/p>\n\n\n\n<p>El 7 de julio fue hallada la v\u00edctima, quien fue atacada y privada de la vida con un arma corto contundente (cuchillo), en la agencia de \u00c1lvaro Obreg\u00f3n.<\/p>\n\n\n\n<p>Derivado de las investigaciones especializadas con perspectiva de g\u00e9nero que efect\u00faa la Fiscal\u00eda, a trav\u00e9s de equipos multidisciplinarios, se obtuvieron indicios para definir las l\u00edneas de investigaci\u00f3n del caso.<\/p>\n\n\n\n<p>Ayer, en un operativo conjunto en el que particip\u00f3 la Agencia Estatal de Investigaciones (AEI), la Secretar\u00eda de la Defensa Nacional, Secretar\u00eda de Marina, Guardia Nacional y Polic\u00eda Estatal, se logr\u00f3 la detenci\u00f3n del presunto feminicida.&nbsp;<\/p>\n\n\n\n<p>Tras la detenci\u00f3n, J.M.G.Z. qued\u00f3 a disposici\u00f3n de la autoridad ministerial correspondiente, para determinar su situaci\u00f3n legal.<\/p>\n","protected":false},"excerpt":{"rendered":"<p>Raymundo Morales\/Zona Roja. Oaxaca, Oax., a 10 de julio de 2025.- El mototaxista J. M.&hellip;<\/p>\n","protected":false},"author":2,"featured_media":82287,"comment_status":"closed","ping_status":"open","sticky":false,"template":"","format":"standard","meta":{"_lmt_disableupdate":"","_lmt_disable":"","_jetpack_memberships_contains_paid_content":false,"footnotes":""},"categories":[109,46],"tags":[123],"class_list":["post-82286","post","type-post","status-publish","format-standard","has-post-thumbnail","hentry","category-minuto-a-minuto","category-zona-blanca","tag-juchitan-de-zaragoza"],"jetpack_featured_media_url":"https:\/\/zonaroja.com.mx\/wp-content\/uploads\/2025\/07\/Detenido-feminicida-de-Maricela-Juchitan.jpeg","jetpack_sharing_enabled":true,"_links":{"self":[{"href":"https:\/\/zonaroja.com.mx\/index.php?rest_route=\/wp\/v2\/posts\/82286","targetHints":{"allow":["GET"]}}],"collection":[{"href":"https:\/\/zonaroja.com.mx\/index.php?rest_route=\/wp\/v2\/posts"}],"about":[{"href":"https:\/\/zonaroja.com.mx\/index.php?rest_route=\/wp\/v2\/types\/post"}],"author":[{"embeddable":true,"href":"https:\/\/zonaroja.com.mx\/index.php?rest_route=\/wp\/v2\/users\/2"}],"replies":[{"embeddable":true,"href":"https:\/\/zonaroja.com.mx\/index.php?rest_route=%2Fwp%2Fv2%2Fcomments&post=82286"}],"version-history":[{"count":1,"href":"https:\/\/zonaroja.com.mx\/index.php?rest_route=\/wp\/v2\/posts\/82286\/revisions"}],"predecessor-version":[{"id":82288,"href":"https:\/\/zonaroja.com.mx\/index.php?rest_route=\/wp\/v2\/posts\/82286\/revisions\/82288"}],"wp:featuredmedia":[{"embeddable":true,"href":"https:\/\/zonaroja.com.mx\/index.php?rest_route=\/wp\/v2\/media\/82287"}],"wp:attachment":[{"href":"https:\/\/zonaroja.com.mx\/index.php?rest_route=%2Fwp%2Fv2%2Fmedia&parent=82286"}],"wp:term":[{"taxonomy":"category","embeddable":true,"href":"https:\/\/zonaroja.com.mx\/index.php?rest_route=%2Fwp%2Fv2%2Fcategories&post=82286"},{"taxonomy":"post_tag","embeddable":true,"href":"https:\/\/zonaroja.com.mx\/index.php?rest_route=%2Fwp%2Fv2%2Ftags&post=82286"}],"curies":[{"name":"wp","href":"https:\/\/api.w.org\/{rel}","templated":true}]}}