{"id":8229,"date":"2020-01-30T20:47:36","date_gmt":"2020-01-31T02:47:36","guid":{"rendered":"http:\/\/www.zonaroja.com.mx\/?p=8229"},"modified":"2020-01-30T21:07:24","modified_gmt":"2020-01-31T03:07:24","slug":"no-quieren-a-la-seccion-22-en-la-mina-tuxtepec-reavivan-conflicto","status":"publish","type":"post","link":"https:\/\/zonaroja.com.mx\/?p=8229","title":{"rendered":"No quieren a la Secci\u00f3n 22 en La Mina, Tuxtepec; reavivan conflicto"},"content":{"rendered":"\n<p>Yuridiana Sosa\/Zona Roja.<\/p>\n\n\n\n<p>San Juan Bautista Tuxtepec, Oax., 30 de\nenero de 2020.- El reingreso de la Secci\u00f3n 22 del SNTE a la comunidad de La\nMina en Tuxtepec, encendi\u00f3 las se\u00f1ales de alarma entre la comunidad, quienes en\nsu mayor\u00eda rechazan a la gremial y la cual desde hace siete a\u00f1os fue replegada\na la periferia de la poblaci\u00f3n, para dar paso a la Seccion 59.<\/p>\n\n\n\n<p>Tras supuestos acuerdos con autoridades\nejidales de la agencia municipal y el respaldo padres de familia, profesores de\nla Secci\u00f3n 22, adheridos a la Coordinadora Nacional de Trabajadores de la\nEducaci\u00f3n (CNTE), del nivel primaria, volvieron al centro de la comunidad para\ndar clases en un plantel alterno que recientemente fue desocupado.<\/p>\n\n\n\n<p>Ante el regreso de los maestros\ndisidentes, la poblaci\u00f3n en su contra se reuni\u00f3 en las oficinas de la agencia\nmunicipal para exigir la intervenci\u00f3n de las autoridades municipales y\nestatales, pues rechazan rotundamente la permanencia de la Secci\u00f3n 22 dentro de\nla poblaci\u00f3n.<\/p>\n\n\n\n<p>El representante del sector Centro de\nla gremial, Servando Amador Cavanzos, se\u00f1al\u00f3 que en esta ocasi\u00f3n no pretenden\napoderarse de la escuela primaria \u201cEmiliano Zapata\u201d, de la cual fueron\nexpulsados.<\/p>\n\n\n\n<p>Apunt\u00f3 que la intenci\u00f3n es contar con\ninstalaciones m\u00e1s dignas, pues durante m\u00e1s de seis a\u00f1os ofrecieron clases, a un\ngrupo reducido de alumnos, en una antigua galera entre ca\u00f1ales.<\/p>\n\n\n\n<p>Los padres de familia que apoyan a cada\nuna de las secciones se reunieron esta tarde con funcionarios municipales de la\nDirecci\u00f3n de Gobernaci\u00f3n para llegar a un acuerdo y evitar un enfrentamiento\ncomo ha ocurrido en anteriores ocasiones.<\/p>\n\n\n\n<p>Los padres que apoyan la Secci\u00f3n 59 no\ndesistieron ante la propuesta de padres y profesores de la Secci\u00f3n 22 de ocupar\nel inmueble de un preescolar en desuso.<\/p>\n","protected":false},"excerpt":{"rendered":"<p>Yuridiana Sosa\/Zona Roja. San Juan Bautista Tuxtepec, Oax., 30 de enero de 2020.- El reingreso&hellip;<\/p>\n","protected":false},"author":2,"featured_media":8230,"comment_status":"closed","ping_status":"open","sticky":false,"template":"","format":"standard","meta":{"_lmt_disableupdate":"","_lmt_disable":"","_jetpack_memberships_contains_paid_content":false,"footnotes":""},"categories":[109,47],"tags":[118,312],"class_list":["post-8229","post","type-post","status-publish","format-standard","has-post-thumbnail","hentry","category-minuto-a-minuto","category-zona-gris","tag-san-juan-bautista-tuxtepec","tag-seccion-22-del-snte"],"jetpack_featured_media_url":"https:\/\/zonaroja.com.mx\/wp-content\/uploads\/2020\/01\/PHOTO-2020-01-30-13-32-48.jpg","jetpack_sharing_enabled":true,"_links":{"self":[{"href":"https:\/\/zonaroja.com.mx\/index.php?rest_route=\/wp\/v2\/posts\/8229","targetHints":{"allow":["GET"]}}],"collection":[{"href":"https:\/\/zonaroja.com.mx\/index.php?rest_route=\/wp\/v2\/posts"}],"about":[{"href":"https:\/\/zonaroja.com.mx\/index.php?rest_route=\/wp\/v2\/types\/post"}],"author":[{"embeddable":true,"href":"https:\/\/zonaroja.com.mx\/index.php?rest_route=\/wp\/v2\/users\/2"}],"replies":[{"embeddable":true,"href":"https:\/\/zonaroja.com.mx\/index.php?rest_route=%2Fwp%2Fv2%2Fcomments&post=8229"}],"version-history":[{"count":1,"href":"https:\/\/zonaroja.com.mx\/index.php?rest_route=\/wp\/v2\/posts\/8229\/revisions"}],"predecessor-version":[{"id":8231,"href":"https:\/\/zonaroja.com.mx\/index.php?rest_route=\/wp\/v2\/posts\/8229\/revisions\/8231"}],"wp:featuredmedia":[{"embeddable":true,"href":"https:\/\/zonaroja.com.mx\/index.php?rest_route=\/wp\/v2\/media\/8230"}],"wp:attachment":[{"href":"https:\/\/zonaroja.com.mx\/index.php?rest_route=%2Fwp%2Fv2%2Fmedia&parent=8229"}],"wp:term":[{"taxonomy":"category","embeddable":true,"href":"https:\/\/zonaroja.com.mx\/index.php?rest_route=%2Fwp%2Fv2%2Fcategories&post=8229"},{"taxonomy":"post_tag","embeddable":true,"href":"https:\/\/zonaroja.com.mx\/index.php?rest_route=%2Fwp%2Fv2%2Ftags&post=8229"}],"curies":[{"name":"wp","href":"https:\/\/api.w.org\/{rel}","templated":true}]}}