{"id":82292,"date":"2025-07-10T22:01:56","date_gmt":"2025-07-11T04:01:56","guid":{"rendered":"https:\/\/zonaroja.com.mx\/?p=82292"},"modified":"2025-07-10T22:01:58","modified_gmt":"2025-07-11T04:01:58","slug":"dispararon-en-36-ocasiones-contra-luis-villaseca-identifican-a-cuarta-victima","status":"publish","type":"post","link":"https:\/\/zonaroja.com.mx\/?p=82292","title":{"rendered":"Dispararon en 36 ocasiones contra Luis Villaseca; identifican a cuarta v\u00edctima"},"content":{"rendered":"\n<p>Raymundo Morales\/Zona Roja.<\/p>\n\n\n\n<p>Oaxaca, Oax., a 10 de julio de 2025.- Como Roberto Carlos V\u00e1squez L\u00f3pez, de&nbsp; 25 a\u00f1os de edad y de oficio transportista, fue identificada la cuarta v\u00edctima del atentado contra Juan Yahv\u00e9 Luis Villaseca y su familia.<\/p>\n\n\n\n<p>As\u00ed lo confirm\u00f3 la Fiscal\u00eda General del Estado de Oaxaca, al detallar que en la zona fueron hallados 36 casquillos de arma de fuego calibre 7.62; ademas, en el multihomicidio habr\u00edan participado al menos 11 personas en cinco veh\u00edculos.<\/p>\n\n\n\n<p>En conferencia de prensa del gabinete de seguridad, el fiscal Bernardo Rodr\u00edguez Alamilla indic\u00f3 que en la Carpeta 18588\/UEIH\/2025 hay varias l\u00edneas de investigaci\u00f3n, pero la principal de ellas es la disputa entre sindicatos.<\/p>\n\n\n\n<p>Detall\u00f3 que, a trav\u00e9s de las c\u00e1maras que forman parte del Centro de Control, Comando y Comunicaci\u00f3n (C4), se pudo determinar que las v\u00edctimas ven\u00edan de una persecuci\u00f3n que inici\u00f3 en la Central de Abasto, y que hubo una agresi\u00f3n previa, hasta que finalmente realizaron el ataque en el Perif\u00e9rico, zona del parque del Amor, en el municipio de Oaxaca de Ju\u00e1rez.<\/p>\n\n\n\n<p>Puntualiz\u00f3 que, como resultado de las indagatorias, el mismo d\u00eda fue localizada una camioneta marca JAC de color rojo con placas del estado de Puebla, que fue abandonada en calles de Santa Cruz Xoxocotl\u00e1n, la cual estuvo posiblemente involucrada en los hechos, adem\u00e1s se estableci\u00f3 que la ruta de escape de otra de las camionetas fue con direcci\u00f3n a la agencia de San Juan Chapultepec.<\/p>\n\n\n\n<p>El Fiscal indic\u00f3 que, adem\u00e1s de Juan Yahv\u00e9 L.V., entre las v\u00edctimas est\u00e1n una mujer de 29 a\u00f1os, un ni\u00f1o de nueve a\u00f1os y otro hombre, ya identificado, quienes viajaban en una camioneta marca Ford, tipo Raptor, color azul, sin placas de circulaci\u00f3n.&nbsp;<\/p>\n\n\n\n<p>Rodr\u00edguez Alamilla subray\u00f3 que los trabajos de investigaci\u00f3n contin\u00faan con el objetivo de obtener toda la informaci\u00f3n necesaria que permita esclarecer lo ocurrido y se presente ante las autoridades correspondientes a quien o quienes resulten responsables.<\/p>\n\n\n\n<figure class=\"wp-block-embed is-type-rich is-provider-twitter wp-block-embed-twitter\"><div class=\"wp-block-embed__wrapper\">\n<div class=\"twitter-tweet\"><blockquote class=\"twitter-tweet\" data-lang=\"es\"><p lang=\"es\" dir=\"ltr\">Al menos 11 personas, a bordo de varios veh\u00edculos, participaron en el asesinato de Juan Yahv\u00e9 Luis Villaseca, y tres personas m\u00e1s, en la ciudad de Oaxaca, inform\u00f3 hoy el fiscal General <a href=\"https:\/\/twitter.com\/FiscalOaxaca?ref_src=twsrc%5Etfw\">@FiscalOaxaca<\/a>, al participar en la conferencia de prensa del gabinete de seguridad; el origen\u2026 <a href=\"https:\/\/t.co\/tUVjmWJEaw\">pic.twitter.com\/tUVjmWJEaw<\/a><\/p>&mdash; Zona Roja Oaxaca (@ZonaRoja_Oaxaca) <a href=\"https:\/\/twitter.com\/ZonaRoja_Oaxaca\/status\/1943381352654459011?ref_src=twsrc%5Etfw\">10 de julio de 2025<\/a><\/blockquote><\/div>\n<\/div><\/figure>\n","protected":false},"excerpt":{"rendered":"<p>Raymundo Morales\/Zona Roja. Oaxaca, Oax., a 10 de julio de 2025.- Como Roberto Carlos V\u00e1squez&hellip;<\/p>\n","protected":false},"author":2,"featured_media":82293,"comment_status":"closed","ping_status":"open","sticky":false,"template":"","format":"standard","meta":{"_lmt_disableupdate":"","_lmt_disable":"","_jetpack_memberships_contains_paid_content":false,"footnotes":""},"categories":[109,46],"tags":[1558],"class_list":["post-82292","post","type-post","status-publish","format-standard","has-post-thumbnail","hentry","category-minuto-a-minuto","category-zona-blanca","tag-hermanos-luis-villaseca"],"jetpack_featured_media_url":"https:\/\/zonaroja.com.mx\/wp-content\/uploads\/2025\/07\/Conferencia-fiscal-Bernardo-Rodriguez-Alamilla.jpeg","jetpack_sharing_enabled":true,"_links":{"self":[{"href":"https:\/\/zonaroja.com.mx\/index.php?rest_route=\/wp\/v2\/posts\/82292","targetHints":{"allow":["GET"]}}],"collection":[{"href":"https:\/\/zonaroja.com.mx\/index.php?rest_route=\/wp\/v2\/posts"}],"about":[{"href":"https:\/\/zonaroja.com.mx\/index.php?rest_route=\/wp\/v2\/types\/post"}],"author":[{"embeddable":true,"href":"https:\/\/zonaroja.com.mx\/index.php?rest_route=\/wp\/v2\/users\/2"}],"replies":[{"embeddable":true,"href":"https:\/\/zonaroja.com.mx\/index.php?rest_route=%2Fwp%2Fv2%2Fcomments&post=82292"}],"version-history":[{"count":1,"href":"https:\/\/zonaroja.com.mx\/index.php?rest_route=\/wp\/v2\/posts\/82292\/revisions"}],"predecessor-version":[{"id":82294,"href":"https:\/\/zonaroja.com.mx\/index.php?rest_route=\/wp\/v2\/posts\/82292\/revisions\/82294"}],"wp:featuredmedia":[{"embeddable":true,"href":"https:\/\/zonaroja.com.mx\/index.php?rest_route=\/wp\/v2\/media\/82293"}],"wp:attachment":[{"href":"https:\/\/zonaroja.com.mx\/index.php?rest_route=%2Fwp%2Fv2%2Fmedia&parent=82292"}],"wp:term":[{"taxonomy":"category","embeddable":true,"href":"https:\/\/zonaroja.com.mx\/index.php?rest_route=%2Fwp%2Fv2%2Fcategories&post=82292"},{"taxonomy":"post_tag","embeddable":true,"href":"https:\/\/zonaroja.com.mx\/index.php?rest_route=%2Fwp%2Fv2%2Ftags&post=82292"}],"curies":[{"name":"wp","href":"https:\/\/api.w.org\/{rel}","templated":true}]}}