{"id":82295,"date":"2025-07-11T07:15:00","date_gmt":"2025-07-11T13:15:00","guid":{"rendered":"https:\/\/zonaroja.com.mx\/?p=82295"},"modified":"2025-07-11T08:14:40","modified_gmt":"2025-07-11T14:14:40","slug":"por-fin-el-gobierno-federal-concluira-obras-en-la-central-de-abasto","status":"publish","type":"post","link":"https:\/\/zonaroja.com.mx\/?p=82295","title":{"rendered":"Por fin el gobierno federal concluir\u00e1 obras en la Central de Abasto"},"content":{"rendered":"\n<p>Redacci\u00f3n\/Zona Roja.<\/p>\n\n\n\n<p>Oaxaca, Oax., a 11 de julio de 2025.\u2013 En un paso decisivo para el desarrollo urbano y comercial de la ciudad, el presidente municipal Ray Chagoya sostuvo una reuni\u00f3n de trabajo con autoridades de la Secretar\u00eda de Desarrollo Agrario, Territorial y Urbano (Sedatu) del gobierno federal, encabezada por la secretaria Edna Vega Rangel, con el objetivo de fortalecer proyectos de infraestructura para Oaxaca de Ju\u00e1rez.<\/p>\n\n\n\n<p>Durante el encuentro, realizado en la Ciudad de M\u00e9xico, se concret\u00f3 la firma del Convenio Marco de Colaboraci\u00f3n para la obra denominada \u00abAdecuaci\u00f3n para la Conclusi\u00f3n y Puesta en Marcha de la Central de Abasto\u00bb, espec\u00edficamente en el \u00e1rea conocida como Mercado de Pan y Comedores, un espacio fundamental para la actividad comercial y social de la capital oaxaque\u00f1a y cuya obra dej\u00f3 inconclusa la administraci\u00f3n municipal anterior.<\/p>\n\n\n\n<p>Despu\u00e9s de una serie de gestiones encabezadas por el presidente Ray Chagoya, a trav\u00e9s de esta alianza se impulsar\u00e1 un modelo integral de intervenci\u00f3n que contempla infraestructura, equipamiento y servicios p\u00fablicos, con el objetivo de brindar condiciones dignas, funcionales y seguras a comerciantes, consumidores y familias que diariamente hacen vida en la Central de Abasto.<\/p>\n\n\n\n<p>El edil de la capital expres\u00f3 su agradecimiento a la Sedatu por la disposici\u00f3n y el trabajo coordinado que permitir\u00e1 transformar este espacio estrat\u00e9gico, y reiter\u00f3 su compromiso de construir una ciudad limpia, segura y con visi\u00f3n cultural, que avance con orden y bienestar para todas y todos.<\/p>\n\n\n\n<figure class=\"wp-block-embed is-type-rich is-provider-twitter wp-block-embed-twitter\"><div class=\"wp-block-embed__wrapper\">\n<div class=\"twitter-tweet\"><blockquote class=\"twitter-tweet\" data-lang=\"es\"><p lang=\"es\" dir=\"ltr\">Confirma el presidente municipal de Oaxaca de Ju\u00e1rez, <a href=\"https:\/\/twitter.com\/raychagoya?ref_src=twsrc%5Etfw\">@raychagoya<\/a>, que la Secretar\u00eda de Desarrollo Agrario, Territorial y Urbano (Sedatu) del gobierno federal retomar\u00e1 la construcci\u00f3n del \u00e1rea de pan y comida del Mercado de Abasto; ello, tras una reuni\u00f3n efectuada en la Ciudad de\u2026 <a href=\"https:\/\/t.co\/w47DCGvaBt\">pic.twitter.com\/w47DCGvaBt<\/a><\/p>&mdash; Zona Roja Oaxaca (@ZonaRoja_Oaxaca) <a href=\"https:\/\/twitter.com\/ZonaRoja_Oaxaca\/status\/1943395094071250994?ref_src=twsrc%5Etfw\">10 de julio de 2025<\/a><\/blockquote><\/div>\n<\/div><\/figure>\n","protected":false},"excerpt":{"rendered":"<p>Redacci\u00f3n\/Zona Roja. Oaxaca, Oax., a 11 de julio de 2025.\u2013 En un paso decisivo para&hellip;<\/p>\n","protected":false},"author":2,"featured_media":82297,"comment_status":"closed","ping_status":"open","sticky":false,"template":"","format":"standard","meta":{"_lmt_disableupdate":"","_lmt_disable":"","_jetpack_memberships_contains_paid_content":false,"footnotes":""},"categories":[109,47],"tags":[148,4142],"class_list":["post-82295","post","type-post","status-publish","format-standard","has-post-thumbnail","hentry","category-minuto-a-minuto","category-zona-gris","tag-oaxaca-de-juarez","tag-raymundo-chagoya"],"jetpack_featured_media_url":"https:\/\/zonaroja.com.mx\/wp-content\/uploads\/2025\/07\/Ray-Chagoya-y-Sedatu.jpg","jetpack_sharing_enabled":true,"_links":{"self":[{"href":"https:\/\/zonaroja.com.mx\/index.php?rest_route=\/wp\/v2\/posts\/82295","targetHints":{"allow":["GET"]}}],"collection":[{"href":"https:\/\/zonaroja.com.mx\/index.php?rest_route=\/wp\/v2\/posts"}],"about":[{"href":"https:\/\/zonaroja.com.mx\/index.php?rest_route=\/wp\/v2\/types\/post"}],"author":[{"embeddable":true,"href":"https:\/\/zonaroja.com.mx\/index.php?rest_route=\/wp\/v2\/users\/2"}],"replies":[{"embeddable":true,"href":"https:\/\/zonaroja.com.mx\/index.php?rest_route=%2Fwp%2Fv2%2Fcomments&post=82295"}],"version-history":[{"count":2,"href":"https:\/\/zonaroja.com.mx\/index.php?rest_route=\/wp\/v2\/posts\/82295\/revisions"}],"predecessor-version":[{"id":82315,"href":"https:\/\/zonaroja.com.mx\/index.php?rest_route=\/wp\/v2\/posts\/82295\/revisions\/82315"}],"wp:featuredmedia":[{"embeddable":true,"href":"https:\/\/zonaroja.com.mx\/index.php?rest_route=\/wp\/v2\/media\/82297"}],"wp:attachment":[{"href":"https:\/\/zonaroja.com.mx\/index.php?rest_route=%2Fwp%2Fv2%2Fmedia&parent=82295"}],"wp:term":[{"taxonomy":"category","embeddable":true,"href":"https:\/\/zonaroja.com.mx\/index.php?rest_route=%2Fwp%2Fv2%2Fcategories&post=82295"},{"taxonomy":"post_tag","embeddable":true,"href":"https:\/\/zonaroja.com.mx\/index.php?rest_route=%2Fwp%2Fv2%2Ftags&post=82295"}],"curies":[{"name":"wp","href":"https:\/\/api.w.org\/{rel}","templated":true}]}}