{"id":82299,"date":"2025-07-11T08:15:00","date_gmt":"2025-07-11T14:15:00","guid":{"rendered":"https:\/\/zonaroja.com.mx\/?p=82299"},"modified":"2025-07-11T08:46:33","modified_gmt":"2025-07-11T14:46:33","slug":"registran-al-menos-82-menores-de-edad-victimas-de-violencia-en-oaxaca","status":"publish","type":"post","link":"https:\/\/zonaroja.com.mx\/?p=82299","title":{"rendered":"Registran al menos 82 menores de edad v\u00edctimas de violencia en Oaxaca"},"content":{"rendered":"\n<p>Lisbeth Mej\u00eda Reyes\/Zona Roja.<\/p>\n\n\n\n<p>Oaxaca, Oax., a 11 de julio de 2025.- El Grupo de Estudios sobre la Mujer Rosario Castellanos (GES Mujer) se\u00f1al\u00f3 que el estado de Oaxaca enfrenta \u00abuna escalada alarmante de violencia, particularmente en la capital y en la &nbsp;regi\u00f3n del Istmo de Tehuantepec\u00bb y que son las mujeres y las infancias las que \u00abest\u00e1n quedando en medio del fuego cruzado de quienes, en su af\u00e1n de poder, act\u00faan con total impunidad\u00bb.<\/p>\n\n\n\n<p>El pasado martes, una mujer y un menor de edad fueron asesinados durante el ataque en contra del l\u00edder de la Confederaci\u00f3n Joven en la capital oaxaque\u00f1a. Los hechos ocurrieron en inmediaciones del Parque del Amor y en medio de las fiestas de Guelaguetza que se celebran en julio en la ciudad.<\/p>\n\n\n\n<p>Ante hechos como este, y el asesinato de la presidenta municipal de San Mateo Pi\u00f1as (el 15 de junio), GES Mujer exigi\u00f3 a las autoridades la implementaci\u00f3n de \u00abpol\u00edticas integrales con perspectiva de g\u00e9nero, que incluyan protocolos eficaces para prevenir la desaparici\u00f3n y asesinato de mujeres, ni\u00f1as y disidencias\u00bb.&nbsp;<\/p>\n\n\n\n<p>Tambi\u00e9n, \u00abprotecci\u00f3n urgente a defensoras, activistas, liderazgos comunitarios y mujeres en riesgo, quienes hoy viven bajo amenaza ante un Estado que no garantiza su integridad. Y cero tolerancia a la impunidad, con investigaciones inmediatas, sin dilaciones, sin omisiones, sin encubrimientos\u00bb.<\/p>\n\n\n\n<p>Del 1 enero al 8 de julio, GES Mujer registra 43 mujeres v\u00edctimas de la violencia feminicida en el estado de Oaxaca; a ello se suma el caso de la joven ultimada ayer en Juchit\u00e1n de Zaragoza. Sin embargo, en lo que va de la administraci\u00f3n estatal son ya 247, se\u00f1ala la organizaci\u00f3n oaxaque\u00f1a en defensa de los derechos de las mujeres.<\/p>\n\n\n\n<p>CONTRA MENORES<\/p>\n\n\n\n<p>De acuerdo con la Red por los Derechos de la Infancia en M\u00e9xico (Redim) y con datos del Secretariado Ejecutivo del Sistema Nacional de Seguridad P\u00fablica (SESNSP), en lo que va del 2025 se han registrado al menos 82 homicidios en contra de ni\u00f1as ni\u00f1os y adolescentes en Oaxaca (81 de estos entre enero y mayo), lo que lo ubica en el tercer lugar nacional.&nbsp;<\/p>\n\n\n\n<p>El \u00faltimo de los asesinatos es el del infante ultimado en el ataque armado del pasado martes en la ciudad de Oaxaca. A nivel nacional Guanajuato sigue en el primer lugar, con 115, y Michoac\u00e1n en el segundo, con 96.<\/p>\n\n\n\n<p>De acuerdo con la Redim, en el estado Oaxaca aumentaron los homicidios en contra de menores de edad en 2024, al registrarse 166 casos. Esto coloc\u00f3 a la entidad en el cuarto lugar a nivel nacional, tan solo por detr\u00e1s de Guanajuato (con 256 casos), Michoac\u00e1n (230) y Estado de M\u00e9xico (191).<\/p>\n\n\n\n<p>Los 166 homicidios cuyas v\u00edctimas son ni\u00f1as, ni\u00f1os y adolescentes son la cifra m\u00e1s alta de la \u00faltima d\u00e9cada en el estado de Oaxaca (tomando como base el a\u00f1o 2015) y marca un repunte comparado con los a\u00f1os 2022 y el 2023, cuando se registraron 162 y 156, respectivamente.<\/p>\n\n\n\n<p>Antes del homicidio del menor en Oaxaca, en los principales d\u00edas de julio tambi\u00e9n fueron asesinadas tres ni\u00f1as en el estado de Sonora.<\/p>\n","protected":false},"excerpt":{"rendered":"<p>Lisbeth Mej\u00eda Reyes\/Zona Roja. Oaxaca, Oax., a 11 de julio de 2025.- El Grupo de&hellip;<\/p>\n","protected":false},"author":2,"featured_media":82300,"comment_status":"closed","ping_status":"open","sticky":false,"template":"","format":"standard","meta":{"_lmt_disableupdate":"","_lmt_disable":"","_jetpack_memberships_contains_paid_content":false,"footnotes":""},"categories":[109,46],"tags":[],"class_list":["post-82299","post","type-post","status-publish","format-standard","has-post-thumbnail","hentry","category-minuto-a-minuto","category-zona-blanca"],"jetpack_featured_media_url":"https:\/\/zonaroja.com.mx\/wp-content\/uploads\/2025\/07\/Violencia-ninos-Mexico-menores-asesinatos.jpg","jetpack_sharing_enabled":true,"_links":{"self":[{"href":"https:\/\/zonaroja.com.mx\/index.php?rest_route=\/wp\/v2\/posts\/82299","targetHints":{"allow":["GET"]}}],"collection":[{"href":"https:\/\/zonaroja.com.mx\/index.php?rest_route=\/wp\/v2\/posts"}],"about":[{"href":"https:\/\/zonaroja.com.mx\/index.php?rest_route=\/wp\/v2\/types\/post"}],"author":[{"embeddable":true,"href":"https:\/\/zonaroja.com.mx\/index.php?rest_route=\/wp\/v2\/users\/2"}],"replies":[{"embeddable":true,"href":"https:\/\/zonaroja.com.mx\/index.php?rest_route=%2Fwp%2Fv2%2Fcomments&post=82299"}],"version-history":[{"count":2,"href":"https:\/\/zonaroja.com.mx\/index.php?rest_route=\/wp\/v2\/posts\/82299\/revisions"}],"predecessor-version":[{"id":82318,"href":"https:\/\/zonaroja.com.mx\/index.php?rest_route=\/wp\/v2\/posts\/82299\/revisions\/82318"}],"wp:featuredmedia":[{"embeddable":true,"href":"https:\/\/zonaroja.com.mx\/index.php?rest_route=\/wp\/v2\/media\/82300"}],"wp:attachment":[{"href":"https:\/\/zonaroja.com.mx\/index.php?rest_route=%2Fwp%2Fv2%2Fmedia&parent=82299"}],"wp:term":[{"taxonomy":"category","embeddable":true,"href":"https:\/\/zonaroja.com.mx\/index.php?rest_route=%2Fwp%2Fv2%2Fcategories&post=82299"},{"taxonomy":"post_tag","embeddable":true,"href":"https:\/\/zonaroja.com.mx\/index.php?rest_route=%2Fwp%2Fv2%2Ftags&post=82299"}],"curies":[{"name":"wp","href":"https:\/\/api.w.org\/{rel}","templated":true}]}}