{"id":82306,"date":"2025-07-11T10:22:00","date_gmt":"2025-07-11T16:22:00","guid":{"rendered":"https:\/\/zonaroja.com.mx\/?p=82306"},"modified":"2025-07-11T07:24:42","modified_gmt":"2025-07-11T13:24:42","slug":"de-nuevo-redadas-violentas-en-eu-contra-migrantes-mexicanos","status":"publish","type":"post","link":"https:\/\/zonaroja.com.mx\/?p=82306","title":{"rendered":"De nuevo redadas violentas en EU contra migrantes mexicanos"},"content":{"rendered":"\n<p>Redacci\u00f3n\/Zona Roja Cdmx.<\/p>\n\n\n\n<p>Ciudad de M\u00e9xico, a 11 de julio de 2025.- Un enfrentamiento estall\u00f3 el jueves entre manifestantes y agentes federales que llevaban a cabo una redada en una granja del sur de California, donde los agentes lanzaron latas aparentemente de humo para dispersar a la multitud.<\/p>\n\n\n\n<p>Veh\u00edculos de la Patrulla Fronteriza y de la Oficina de Aduanas y Protecci\u00f3n Fronteriza bloquearon el camino en una zona mayormente agr\u00edcola de Camarillo, California. Hab\u00eda veh\u00edculos de tipo militar y un helic\u00f3ptero sobrevol\u00f3 la zona.<\/p>\n\n\n\n<p>Im\u00e1genes de televisi\u00f3n mostraban a docenas de manifestantes reunidos en un camino entre campos donde agentes uniformados estaban alineados frente a ellos. En otras im\u00e1genes se puede ver humo blanco y verde mientras los manifestantes se retiran. Otras im\u00e1genes mostraban a manifestantes gritando a agentes que vest\u00edan ropa camuflada, cascos y m\u00e1scaras antig\u00e1s. No estaba claro por qu\u00e9 las autoridades lanzaron las latas o si usaron sustancias qu\u00edmicas, como gas lacrim\u00f3geno.<\/p>\n\n\n\n<p>Otra imagen de KTLA mostraba a personas sentadas contra una pared con las manos atadas frente a ellas; no estaba claro si eran trabajadores o manifestantes. El Departamento de Seguridad Nacional no respondi\u00f3 a solicitudes de comentarios.<\/p>\n\n\n\n<p>Agentes de Inmigraci\u00f3n y Control de Aduanas (ICE, por sus siglas en ingl\u00e9s) acompa\u00f1ados por tropas de la Guardia Nacional en veh\u00edculos de estilo militar se presentaron en dos ubicaciones operadas por Glass House Farms: una en la ciudad de Carpinter\u00eda, en el condado de Santa B\u00e1rbara, a unas 90 millas (145 kil\u00f3metros) al noroeste de Los \u00c1ngeles, y otra en la comunidad de Camarillo, en el condado de Ventura, a unas 50 millas (80 kil\u00f3metros) de Los \u00c1ngeles.<\/p>\n\n\n\n<p>La empresa tiene un permiso para cultivar cannabis en el condado de Ventura, y desde el a\u00f1o pasado utilizaba la mitad del espacio para cannabis mientras que la otra mitad estaba dedicada a tomates y pepinos, inform\u00f3 el Ventura County Star.<\/p>\n\n\n\n<p>Una estaci\u00f3n de televisi\u00f3n local inform\u00f3 que alrededor de 100 trabajadores agr\u00edcolas fueron detenidos en la redada migratoria previa a las protestas, y que se dispararon gases lacrim\u00f3genos contra la multitud durante un encuentro posterior con agentes federales.<\/p>\n\n\n\n<p>Las im\u00e1genes de la televisi\u00f3n local de la escena de un enfrentamiento mostraron a los manifestantes gritando y gesticulando enojados hacia agentes federales armados y uniformados que usaban cascos y m\u00e1scaras y que bloqueaban el tr\u00e1fico con cinta amarilla de escena del crimen tendida a lo largo de la carretera.<\/p>\n\n\n\n<p>Aproximadamente la mitad de los trabajadores agr\u00edcolas estadunidenses se encuentran en el pa\u00eds sin documentos, seg\u00fan estimaciones del gobierno. El sector agr\u00edcola advirti\u00f3 que la deportaci\u00f3n masiva de trabajadores agr\u00edcolas paralizar\u00eda la cadena de suministro de alimentos del pa\u00eds. Las redadas en algunas granjas de California en junio dejaron cultivos sin cosechar y los trabajadores agr\u00edcolas y operadores temen m\u00e1s actividades de cumplimiento de la ley.<\/p>\n\n\n\n<p>Judith Ramos dijo que recibi\u00f3 una llamada el jueves por la ma\u00f1ana de su padre, quien trabajaba en los campos de tomate.<\/p>\n\n\n\n<p>\u00ab\u00c9l dijo que inmigraci\u00f3n estaba afuera de su trabajo, y que si algo pasaba me encargara de todo\u00bb, dijo Ramos, con la voz quebrada. La asistente de enfermer\u00eda certificada de 22 a\u00f1os dijo que tiene dos hermanos peque\u00f1os.<\/p>\n\n\n\n<p>Ramos fue a la granja y vio un autob\u00fas lleno de personas a las que se llevaban. Estaba protestando junto a otros cuando los agentes rociaron el disuasivo.<\/p>\n\n\n\n<p>\u00abNo quer\u00edan que nos acerc\u00e1ramos m\u00e1s, y empezaron a disparar\u00bb, relat\u00f3 Ramos. \u00abMe cay\u00f3 algo en los ojos. Tuve que ponerme leche en la cara\u00bb.<\/p>\n\n\n\n<p>Ramos dijo que no sabe d\u00f3nde est\u00e1 su padre y que no hab\u00eda tenido contacto con \u00e9l por m\u00e1s de una hora. Su camioneta todav\u00eda est\u00e1 en el lugar de trabajo, se\u00f1al\u00f3.<\/p>\n\n\n\n<p>No se sab\u00eda de momento qu\u00e9 agencias participaron en la redada.<\/p>\n\n\n\n<p>Los agentes federales de inmigraci\u00f3n han intensificado los arrestos en el sur de California, y han hecho operativos en negocios de lavado de autos, granjas y estacionamientos de Home Depot para detener a personas, alimentando el miedo generalizado entre las comunidades inmigrantes.<\/p>\n\n\n\n<p>El gobierno de Donald Trump ha usado a la Guardia Nacional para brindar protecci\u00f3n a los agentes federales de inmigraci\u00f3n que llevan a cabo las redadas, y esta semana envi\u00f3 una gran caravana con armas y caballos a un parque en Los \u00c1ngeles.<\/p>\n\n\n\n<p>Andrew Dowd, portavoz del Departamento de Bomberos del Condado de Ventura, dijo que fueron enviados alrededor de las 12:15 de la tarde del jueves al \u00e1rea para proporcionar ayuda m\u00e9dica de emergencia. Los socorristas llevaron a tres personas a hospitales cercanos, dijo, y el incidente contin\u00faa.<\/p>\n\n\n\n<p>Dowd afirm\u00f3 que no ten\u00eda informaci\u00f3n sobre los tipos de lesiones o emergencias m\u00e9dicas sufridas, y que no ten\u00eda detalles de las personas enviadas a los hospitales. Agreg\u00f3 que no ten\u00eda informaci\u00f3n sobre lo que los agentes estaban haciendo all\u00ed.<\/p>\n\n\n\n<p>(Informaci\u00f3n de \u201cLa Jornada\u201d)<\/p>\n","protected":false},"excerpt":{"rendered":"<p>Redacci\u00f3n\/Zona Roja Cdmx. Ciudad de M\u00e9xico, a 11 de julio de 2025.- Un enfrentamiento estall\u00f3&hellip;<\/p>\n","protected":false},"author":2,"featured_media":82307,"comment_status":"closed","ping_status":"open","sticky":false,"template":"","format":"standard","meta":{"_lmt_disableupdate":"","_lmt_disable":"","_jetpack_memberships_contains_paid_content":false,"footnotes":""},"categories":[109,46],"tags":[4332],"class_list":["post-82306","post","type-post","status-publish","format-standard","has-post-thumbnail","hentry","category-minuto-a-minuto","category-zona-blanca","tag-redada-de-migrantes-estados-unidos"],"jetpack_featured_media_url":"https:\/\/zonaroja.com.mx\/wp-content\/uploads\/2025\/07\/Redada-migrantes-campos-Ventura-California-EU.avif","jetpack_sharing_enabled":true,"_links":{"self":[{"href":"https:\/\/zonaroja.com.mx\/index.php?rest_route=\/wp\/v2\/posts\/82306","targetHints":{"allow":["GET"]}}],"collection":[{"href":"https:\/\/zonaroja.com.mx\/index.php?rest_route=\/wp\/v2\/posts"}],"about":[{"href":"https:\/\/zonaroja.com.mx\/index.php?rest_route=\/wp\/v2\/types\/post"}],"author":[{"embeddable":true,"href":"https:\/\/zonaroja.com.mx\/index.php?rest_route=\/wp\/v2\/users\/2"}],"replies":[{"embeddable":true,"href":"https:\/\/zonaroja.com.mx\/index.php?rest_route=%2Fwp%2Fv2%2Fcomments&post=82306"}],"version-history":[{"count":1,"href":"https:\/\/zonaroja.com.mx\/index.php?rest_route=\/wp\/v2\/posts\/82306\/revisions"}],"predecessor-version":[{"id":82308,"href":"https:\/\/zonaroja.com.mx\/index.php?rest_route=\/wp\/v2\/posts\/82306\/revisions\/82308"}],"wp:featuredmedia":[{"embeddable":true,"href":"https:\/\/zonaroja.com.mx\/index.php?rest_route=\/wp\/v2\/media\/82307"}],"wp:attachment":[{"href":"https:\/\/zonaroja.com.mx\/index.php?rest_route=%2Fwp%2Fv2%2Fmedia&parent=82306"}],"wp:term":[{"taxonomy":"category","embeddable":true,"href":"https:\/\/zonaroja.com.mx\/index.php?rest_route=%2Fwp%2Fv2%2Fcategories&post=82306"},{"taxonomy":"post_tag","embeddable":true,"href":"https:\/\/zonaroja.com.mx\/index.php?rest_route=%2Fwp%2Fv2%2Ftags&post=82306"}],"curies":[{"name":"wp","href":"https:\/\/api.w.org\/{rel}","templated":true}]}}