{"id":82309,"date":"2025-07-11T11:30:00","date_gmt":"2025-07-11T17:30:00","guid":{"rendered":"https:\/\/zonaroja.com.mx\/?p=82309"},"modified":"2025-07-11T07:47:41","modified_gmt":"2025-07-11T13:47:41","slug":"vinculan-a-proceso-a-presunto-feminicida-de-tututepec-oaxaca","status":"publish","type":"post","link":"https:\/\/zonaroja.com.mx\/?p=82309","title":{"rendered":"Vinculan a proceso a presunto feminicida de Tututepec, Oaxaca"},"content":{"rendered":"\n<p>Redacci\u00f3n\/Zona Roja.&nbsp;<\/p>\n\n\n\n<p>Oaxaca, Oax., a 10 de julio de 2025.- En puntual seguimiento a casos de violencia de g\u00e9nero contra la mujer en la entidad y gracias al trabajo ministerial, la Fiscal\u00eda General del Estado de Oaxaca (FGEO) obtuvo vinculaci\u00f3n a proceso y prisi\u00f3n preventiva en contra de una persona del sexo masculino identificado por las iniciales A.V.B., por el delito de feminicidio agravado, cometido en la regi\u00f3n de la Costa.<\/p>\n\n\n\n<p>De acuerdo con el expediente penal del caso, el imputado y la v\u00edctima sosten\u00edan una relaci\u00f3n sentimental, periodo en el que sufri\u00f3 violencia como celos, maltrato y amenazas.<\/p>\n\n\n\n<p>Los hechos ocurrieron el 25 de agosto de 2018, en calles de San Jos\u00e9 del Progreso, en el municipio de Villa de Tututepec, lugar en el que la v\u00edctima, una mujer identificada por las iniciales N.C.P., fue atacada con disparos de arma de fuego, caus\u00e1ndole lesiones que le provocaron la muerte.<\/p>\n\n\n\n<p>Al tener conocimiento de los hechos, la FGEO a trav\u00e9s de la Vicefiscal\u00eda Regional de la Costa, realiz\u00f3 las investigaciones correspondientes, que permitieron obtener la orden de aprehensi\u00f3n en contra de A.V.B., quien fue detenido luego de evadir la justicia durante casi siete a\u00f1os, por lo que qued\u00f3 a disposici\u00f3n de la autoridad judicial que lo requiri\u00f3 para determinar su situaci\u00f3n jur\u00eddica.<\/p>\n\n\n\n<p>En audiencia, y tras evaluar los datos de prueba aportados por la Fiscal\u00eda de Oaxaca, el Juez dict\u00f3 auto de vinculaci\u00f3n a proceso en contra de A.V.B., por el delito de feminicidio agravado, imponiendo la medida cautelar de prisi\u00f3n preventiva, adem\u00e1s de conceder el plazo de tres meses para el cierre de la investigaci\u00f3n complementaria.<\/p>\n\n\n\n<p>PRESUNTO PEDERASTA<\/p>\n\n\n\n<p>En otro caso y como resultado de las investigaciones enfocadas en garantizar los derechos a una vida libre de violencia para las ni\u00f1as, ni\u00f1os, adolescentes y mujeres, la Fiscal\u00eda General obtuvo vinculaci\u00f3n a proceso y prisi\u00f3n preventiva en contra de un hombre identificado como D.J.M., por los delitos de pederastia y equiparado a la violaci\u00f3n agravada, ocurridos en una comunidad de la Sierra Sur del estado.<\/p>\n\n\n\n<p>El expediente penal del caso, detalla que las agresiones sexuales en contra de una ni\u00f1a -que en ese momento ten\u00eda 11 a\u00f1os de edad, cuya identidad est\u00e1 reservada por ley- ocurrieron en diferentes fechas, como el 01 de octubre de 2021, en un domicilio de la calle Progreso del municipio de Jer\u00f3nimo Coatl\u00e1n perteneciente al distrito de Miahuatl\u00e1n de Porfirio D\u00edaz.<\/p>\n\n\n\n<p>La investigaci\u00f3n establece que, este mismo delito en contra de la ni\u00f1a, volvi\u00f3 a ocurrir el 22 de julio de 2022, pero ahora en un domicilio de la colonia Geche del municipio de Santa Catarina Cuixtla del mismo distrito, lugar donde tambi\u00e9n fue agredida de manera f\u00edsica.<\/p>\n\n\n\n<p>El 26 de diciembre de 2024, en un domicilio ubicado en la colonia Tesoro de San Felipe Yegach\u00edn, Miahuatl\u00e1n, la v\u00edctima fue atacada sexualmente por tercera ocasi\u00f3n y amenazada para que no denunciara a su agresor.<\/p>\n\n\n\n<p>Al tener conocimiento de los hechos, derivado de la denuncia, la FGEO inici\u00f3 las investigaciones correspondientes a trav\u00e9s de la Comandancia Especializada para la Atenci\u00f3n a Delitos Contra la Mujer por Raz\u00f3n de G\u00e9nero de la Vicefiscal\u00eda Regional de los Valles Centrales, reuniendo las pruebas necesarias que permitieron la detenci\u00f3n de D.J.M., la cual fue ejecutada por elementos de la Agencia Estatal de Investigaciones (AEI) quienes lo prestaron ante la autoridad competente para resolver su situaci\u00f3n jur\u00eddica.<\/p>\n\n\n\n<p>En audiencia y derivado de la evaluaci\u00f3n de los datos de prueba aportados por la FGEO, el Juez dict\u00f3 auto de vinculaci\u00f3n a proceso en contra de D.J.M., por los delitos de pederastia y equiparado a la violaci\u00f3n agravada, e impuso la medida cautelar de prisi\u00f3n preventiva justificada, otorgando el plazo de un mes para el cierre de la investigaci\u00f3n complementaria.<\/p>\n","protected":false},"excerpt":{"rendered":"<p>Redacci\u00f3n\/Zona Roja.&nbsp; Oaxaca, Oax., a 10 de julio de 2025.- En puntual seguimiento a casos&hellip;<\/p>\n","protected":false},"author":2,"featured_media":82310,"comment_status":"closed","ping_status":"open","sticky":false,"template":"","format":"standard","meta":{"_lmt_disableupdate":"","_lmt_disable":"","_jetpack_memberships_contains_paid_content":false,"footnotes":""},"categories":[109,46],"tags":[494],"class_list":["post-82309","post","type-post","status-publish","format-standard","has-post-thumbnail","hentry","category-minuto-a-minuto","category-zona-blanca","tag-fiscalia-general-del-estado-de-oaxaca"],"jetpack_featured_media_url":"https:\/\/zonaroja.com.mx\/wp-content\/uploads\/2025\/07\/Detenido-Fiscalia-Tututepec-Oaxaca.jpg","jetpack_sharing_enabled":true,"_links":{"self":[{"href":"https:\/\/zonaroja.com.mx\/index.php?rest_route=\/wp\/v2\/posts\/82309","targetHints":{"allow":["GET"]}}],"collection":[{"href":"https:\/\/zonaroja.com.mx\/index.php?rest_route=\/wp\/v2\/posts"}],"about":[{"href":"https:\/\/zonaroja.com.mx\/index.php?rest_route=\/wp\/v2\/types\/post"}],"author":[{"embeddable":true,"href":"https:\/\/zonaroja.com.mx\/index.php?rest_route=\/wp\/v2\/users\/2"}],"replies":[{"embeddable":true,"href":"https:\/\/zonaroja.com.mx\/index.php?rest_route=%2Fwp%2Fv2%2Fcomments&post=82309"}],"version-history":[{"count":1,"href":"https:\/\/zonaroja.com.mx\/index.php?rest_route=\/wp\/v2\/posts\/82309\/revisions"}],"predecessor-version":[{"id":82311,"href":"https:\/\/zonaroja.com.mx\/index.php?rest_route=\/wp\/v2\/posts\/82309\/revisions\/82311"}],"wp:featuredmedia":[{"embeddable":true,"href":"https:\/\/zonaroja.com.mx\/index.php?rest_route=\/wp\/v2\/media\/82310"}],"wp:attachment":[{"href":"https:\/\/zonaroja.com.mx\/index.php?rest_route=%2Fwp%2Fv2%2Fmedia&parent=82309"}],"wp:term":[{"taxonomy":"category","embeddable":true,"href":"https:\/\/zonaroja.com.mx\/index.php?rest_route=%2Fwp%2Fv2%2Fcategories&post=82309"},{"taxonomy":"post_tag","embeddable":true,"href":"https:\/\/zonaroja.com.mx\/index.php?rest_route=%2Fwp%2Fv2%2Ftags&post=82309"}],"curies":[{"name":"wp","href":"https:\/\/api.w.org\/{rel}","templated":true}]}}