{"id":82312,"date":"2025-07-11T12:15:00","date_gmt":"2025-07-11T18:15:00","guid":{"rendered":"https:\/\/zonaroja.com.mx\/?p=82312"},"modified":"2025-07-11T08:14:01","modified_gmt":"2025-07-11T14:14:01","slug":"en-temporada-vacacional-las-tres-supercarreteras-de-oaxaca-siguen-con-danos","status":"publish","type":"post","link":"https:\/\/zonaroja.com.mx\/?p=82312","title":{"rendered":"En temporada vacacional, las tres supercarreteras de Oaxaca siguen con da\u00f1os\u00a0"},"content":{"rendered":"\n<p>Lisbeth Mej\u00eda Reyes\/Zona Roja.<\/p>\n\n\n\n<p>Oaxaca, Oax., a 11 de julio de 2025.- Derrumbes y obras en las tres supercarreteras del estado de Oaxaca reciben a miles de visitantes en esta temporada vacacional, en la que por las fiestas de Guelaguetza el gobierno de ha estimado el arribo de 138 mil turistas.<\/p>\n\n\n\n<p>Desde los \u00faltimos d\u00edas de junio, persiste el colapso en el t\u00fanel \u201cEl Tornillo\u201d en la Mitla-Tehuantepec, vialidad que fue inaugurada el pasado 25 de enero por la presidenta Claudia Sheinbaum y cuyos da\u00f1os son atribuidos por el gobierno federal a los mismos y el hurac\u00e1n \u201cErick\u201d.&nbsp;<\/p>\n\n\n\n<p>Debido a la afectaci\u00f3n, el viaje que se pensaba en dos horas y media nuevamente es de cuatro hasta seis horas por la carretera federal 190.<\/p>\n\n\n\n<p>La v\u00eda de 169 kil\u00f3metros se inaugur\u00f3 en enero, tras retomarse la obra en 2019, pues hab\u00eda estado inconclusa desde 2007. La vialidad est\u00e1 concesionada a Impulsora de Desarrollo de Am\u00e9rica Latina (IDEAL), parte de las empresas de Grupo Carso, del empresario Carlos Slim.<\/p>\n\n\n\n<p>A LA CDMX<\/p>\n\n\n\n<p>El paso por la Oaxaca-Cuacnopalan tambi\u00e9n se ha visto afectado desde hace varios meses, con cierres parciales o totales, pero intermitentes. En esta autopista se mantiene un deslave de talud cerca del kil\u00f3metro 205, en el tramo Huitzo-Oaxaca (San Pablo Etla).<\/p>\n\n\n\n<p>Quienes tratan de llegar al estado desde Puebla o Ciudad de M\u00e9xico tienen que tomar la carretera Huajuapan de Le\u00f3n-Oaxaca, tramo Nochixtl\u00e1n San Francisco y la v\u00eda Tehuac\u00e1n-San Francisco Telixtlahuaca, tramo Teotitl\u00e1n-San Francisco.<\/p>\n\n\n\n<p>La s\u00faper carretera Barranca Larga-Ventanilla tambi\u00e9n es otra de las vialidades que se encuentra con varios derrumbes y obras complementarias como la construcci\u00f3n de un puente. En este trayecto de poco m\u00e1s de 100 kil\u00f3metros hay al menos 8 puntos con trabajos de mantenimiento y reparaci\u00f3n.<\/p>\n\n\n\n<p>A LA COSTA<\/p>\n\n\n\n<p>La nueva carretera de ciudad de Oaxaca a Puerto Escondido fue inaugurada el 4 de febrero de 2024 por el entonces presidente Andr\u00e9s Manuel L\u00f3pez Obrador.<\/p>\n\n\n\n<p>En su momento, la Secretar\u00eda de Infraestructura, Comunicaciones y Transportes (SICT) se\u00f1al\u00f3 que la obra representar\u00eda un ahorro de cuatro horas de la capital oaxaque\u00f1a a Puerto Escondido y que la federaci\u00f3n destin\u00f3 una inversi\u00f3n superior a los 10 mil 640 millones de pesos tras reiniciar su construcci\u00f3n en el 2020.<\/p>\n\n\n\n<p>Sin embargo, desde la fecha de su inauguraci\u00f3n, hace a\u00f1o y medio, persisten una serie de obras en al menos cinco tramos, que paran la circulaci\u00f3n vehicular hasta por una hora.<\/p>\n\n\n\n<p>Aunado a ello, un a\u00f1o despu\u00e9s se concluyeron las dos casetas de peaje y el cobro es de un total cercano a los 500 pesos, pese a que las autoridades federales, incluyendo el entonces Presidente L\u00f3pez Obrador, hab\u00edan prometido que ser\u00eda gratis para los oaxaque\u00f1os.<\/p>\n\n\n\n<p>Y las recientes lluvias del hurac\u00e1n \u201cErick\u201d provocaron otros da\u00f1os severos de nuevo a dicha vialidad, por lo que durante esas fechas, a mediados del mes pasado, estuvo cerrada por varias horas.<\/p>\n\n\n\n<p>Y, tambi\u00e9n a a\u00f1o y medio, los sanitarios no han sido concluidos hasta el momento; aunado a ello, en el lapso en que ha estado en servicio, la supercarretera ha tenido varias protestas y cierres, por parte de comunidades principalmente de la zona de los Coatlanes, incluso cr\u00edmenes, por disputas de tierras aleda\u00f1as a la v\u00eda r\u00e1pida.<\/p>\n\n\n\n<figure class=\"wp-block-embed is-type-rich is-provider-twitter wp-block-embed-twitter\"><div class=\"wp-block-embed__wrapper\">\n<div class=\"twitter-tweet\"><blockquote class=\"twitter-tweet\" data-lang=\"es\"><p lang=\"es\" dir=\"ltr\">\u00bfY qu\u00e9 tal con la car\u00edsima supercarretera Oaxaca-Costa, tramo Barranca Larga-Ventanilla? Desastrosa desde que se inaugur\u00f3, hace un a\u00f1o y medio; a la fecha continuan obras de rehabilitaci\u00f3n por diversos derrumbes y los automovilistas y transportistas tienen que esperar m\u00e1s de una\u2026 <a href=\"https:\/\/t.co\/n6aic01kVF\">pic.twitter.com\/n6aic01kVF<\/a><\/p>&mdash; Zona Roja Oaxaca (@ZonaRoja_Oaxaca) <a href=\"https:\/\/twitter.com\/ZonaRoja_Oaxaca\/status\/1943370894149374415?ref_src=twsrc%5Etfw\">10 de julio de 2025<\/a><\/blockquote><\/div>\n<\/div><\/figure>\n","protected":false},"excerpt":{"rendered":"<p>Lisbeth Mej\u00eda Reyes\/Zona Roja. Oaxaca, Oax., a 11 de julio de 2025.- Derrumbes y obras&hellip;<\/p>\n","protected":false},"author":2,"featured_media":82313,"comment_status":"closed","ping_status":"open","sticky":false,"template":"","format":"standard","meta":{"_lmt_disableupdate":"","_lmt_disable":"","_jetpack_memberships_contains_paid_content":false,"footnotes":""},"categories":[109,47],"tags":[3639],"class_list":["post-82312","post","type-post","status-publish","format-standard","has-post-thumbnail","hentry","category-minuto-a-minuto","category-zona-gris","tag-supercarretera-oaxaca-costa"],"jetpack_featured_media_url":"https:\/\/zonaroja.com.mx\/wp-content\/uploads\/2025\/07\/Supercarretera-a-la-Costa-Oaxaca.jpg","jetpack_sharing_enabled":true,"_links":{"self":[{"href":"https:\/\/zonaroja.com.mx\/index.php?rest_route=\/wp\/v2\/posts\/82312","targetHints":{"allow":["GET"]}}],"collection":[{"href":"https:\/\/zonaroja.com.mx\/index.php?rest_route=\/wp\/v2\/posts"}],"about":[{"href":"https:\/\/zonaroja.com.mx\/index.php?rest_route=\/wp\/v2\/types\/post"}],"author":[{"embeddable":true,"href":"https:\/\/zonaroja.com.mx\/index.php?rest_route=\/wp\/v2\/users\/2"}],"replies":[{"embeddable":true,"href":"https:\/\/zonaroja.com.mx\/index.php?rest_route=%2Fwp%2Fv2%2Fcomments&post=82312"}],"version-history":[{"count":1,"href":"https:\/\/zonaroja.com.mx\/index.php?rest_route=\/wp\/v2\/posts\/82312\/revisions"}],"predecessor-version":[{"id":82314,"href":"https:\/\/zonaroja.com.mx\/index.php?rest_route=\/wp\/v2\/posts\/82312\/revisions\/82314"}],"wp:featuredmedia":[{"embeddable":true,"href":"https:\/\/zonaroja.com.mx\/index.php?rest_route=\/wp\/v2\/media\/82313"}],"wp:attachment":[{"href":"https:\/\/zonaroja.com.mx\/index.php?rest_route=%2Fwp%2Fv2%2Fmedia&parent=82312"}],"wp:term":[{"taxonomy":"category","embeddable":true,"href":"https:\/\/zonaroja.com.mx\/index.php?rest_route=%2Fwp%2Fv2%2Fcategories&post=82312"},{"taxonomy":"post_tag","embeddable":true,"href":"https:\/\/zonaroja.com.mx\/index.php?rest_route=%2Fwp%2Fv2%2Ftags&post=82312"}],"curies":[{"name":"wp","href":"https:\/\/api.w.org\/{rel}","templated":true}]}}