{"id":82319,"date":"2025-07-11T17:33:58","date_gmt":"2025-07-11T23:33:58","guid":{"rendered":"https:\/\/zonaroja.com.mx\/?p=82319"},"modified":"2025-07-11T17:34:00","modified_gmt":"2025-07-11T23:34:00","slug":"va-a-cantar-ovidio-guzman-se-declara-culpable-en-eu-de-cargos-sobre-narco","status":"publish","type":"post","link":"https:\/\/zonaroja.com.mx\/?p=82319","title":{"rendered":"\u00a0\u00a1Va a cantar! Ovidio Guzm\u00e1n se declara culpable en EU de cargos sobre narco"},"content":{"rendered":"\n<p>Redacci\u00f3n\/Zona Roja Cdmx.<\/p>\n\n\n\n<p>Ciudad de M\u00e9xico, a 11 de julio de 2025.- Ovidio Guzm\u00e1n L\u00f3pez, primer hijo de Joaqu\u00edn \u201cEl Chapo\u201d Guzm\u00e1n en declararse culpable en Estados Unidos por crimen organizado, tr\u00e1fico de armas y lavado de dinero, acept\u00f3 un acuerdo con las autoridades estadounidenses para pagar la cantidad de 80 millones de d\u00f3lares para evitar cadena perpetua.<\/p>\n\n\n\n<p>Como parte del acuerdo, Ovidio Guzm\u00e1n, alias El Rat\u00f3n, entrar\u00e1 al programa de testigos protegidos una vez saliendo de prisi\u00f3n, asimismo, las autoridades norteamericanas apuntaron que dependiendo de la ayuda de Ovidio, se asignar\u00e1 una condena.<\/p>\n\n\n\n<p>El d\u00eda de hoy, viernes 11 de julio del 2025 a las 12:30 pm, Guzm\u00e1n L\u00f3pez, de 35 a\u00f1os, se declar\u00f3 culpable de cuatro cargos graves de narcotr\u00e1fico internacional y delincuencia organizada.<\/p>\n\n\n\n<p>Algunos de los cargos por lo que se declar\u00f3 culpable es por aceptar ser el l\u00edder del C\u00e1rtel de Sinaloa, operar una gran empresa criminal que trafic\u00f3 fentanilo y otras drogas de M\u00e9xico a Estados Unidos, entre otras acusaciones.<\/p>\n\n\n\n<p>De acuerdo con el periodista Arturo \u00c1ngel, los fiscales de Estados Unidos expusieron ante la jueza Sharon Coleman, que la colaboraci\u00f3n de Ovidio tendr\u00e1 que ser en tres sentidos:<\/p>\n\n\n\n<p>EL ABOGADO<\/p>\n\n\n\n<p>Jeffrey Lichtman, abogado y \u00fanico representante legal de Ovidio Guzm\u00e1n emiti\u00f3 sus primeras declaraciones p\u00fablicas despu\u00e9s de que el hijo de \u201cEl Chapo\u201d Guzm\u00e1n se declarara culpable de los cargos imputados.<\/p>\n\n\n\n<p>En conferencia de prensa, el abogado se centr\u00f3 en declaraciones relacionadas al Gobierno Mexicano, donde mencion\u00f3 que la presidenta Claudia Sheinbaum habr\u00eda solicitado que Ovidio fuera extraditado a M\u00e9xico.<\/p>\n\n\n\n<p>Asimismo, Lichtman resalt\u00f3 que la presidenta de M\u00e9xico no estuvo involucrada en la negociaci\u00f3n entre Ovidio y el Gobierno de Estados Unidos.<\/p>\n\n\n\n<p>Finalmente, el representante legal de El Rat\u00f3n, tambi\u00e9n arremeti\u00f3 contra la presidenta por criticar la negociaci\u00f3n entre Estados Unidos y su cliente, adem\u00e1s, calific\u00f3 de absurdas las declaraciones de ella y el expresidente Andr\u00e9s Manuel L\u00f3pez Obrador de c\u00f3mo se\u00f1alaron el caso del general Cienfuegos.<\/p>\n\n\n\n<p>Asistentes en la Corte del Distrito Norte de Illinois, apuntaron que Guzm\u00e1n L\u00f3pez se present\u00f3 con un overol naranja, encadenado de los pies y con voz temblorosa en ocasiones.<\/p>\n\n\n\n<p>Asimismo, durante la audiencia, el periodista Arturo \u00c1ngel apunt\u00f3 que Ovidio reconoci\u00f3 padecer depresi\u00f3n y tomar medicamentos para ello, sin embargo, la jueza Sharon Coleman mencion\u00f3 que la medicaci\u00f3n no afectaba su juicio y que decidi\u00f3 libremente sin afecciones \u00e9l mismo declararse culpable.<\/p>\n\n\n\n<p>Ovidio Guzm\u00e1n tendr\u00e1 que colaborar con los fiscales federales que tienen investigaciones en curso en las jurisdicciones de Illinois, Nueva York, California y con el \u00e1rea central de investigaciones de narc\u00f3ticos del Departamento de Justicia.<\/p>\n\n\n\n<p>En relaci\u00f3n con el Witness Security Program, Ovidio ser\u00eda el principal beneficiario del programa. Cabe recordar que 17 miembros de la familia de Ovidio y de Joaqu\u00edn \u201cEl Chapo\u201d Guzm\u00e1n, se entregaron al gobierno norteamericano, entre ellos Griselda L\u00f3pez P\u00e9rez, ex esposa del narcotraficante y madre de Ovidio Guzm\u00e1n L\u00f3pez.<\/p>\n\n\n\n<p>(Informaci\u00f3n de Infobae M\u00e9xico)<\/p>\n","protected":false},"excerpt":{"rendered":"<p>Redacci\u00f3n\/Zona Roja Cdmx. Ciudad de M\u00e9xico, a 11 de julio de 2025.- Ovidio Guzm\u00e1n L\u00f3pez,&hellip;<\/p>\n","protected":false},"author":2,"featured_media":82320,"comment_status":"closed","ping_status":"open","sticky":false,"template":"","format":"standard","meta":{"_lmt_disableupdate":"","_lmt_disable":"","_jetpack_memberships_contains_paid_content":false,"footnotes":""},"categories":[109,47],"tags":[884],"class_list":["post-82319","post","type-post","status-publish","format-standard","has-post-thumbnail","hentry","category-minuto-a-minuto","category-zona-gris","tag-ovidio-guzman"],"jetpack_featured_media_url":"https:\/\/zonaroja.com.mx\/wp-content\/uploads\/2025\/07\/Ovidio-Guzman.jpeg","jetpack_sharing_enabled":true,"_links":{"self":[{"href":"https:\/\/zonaroja.com.mx\/index.php?rest_route=\/wp\/v2\/posts\/82319","targetHints":{"allow":["GET"]}}],"collection":[{"href":"https:\/\/zonaroja.com.mx\/index.php?rest_route=\/wp\/v2\/posts"}],"about":[{"href":"https:\/\/zonaroja.com.mx\/index.php?rest_route=\/wp\/v2\/types\/post"}],"author":[{"embeddable":true,"href":"https:\/\/zonaroja.com.mx\/index.php?rest_route=\/wp\/v2\/users\/2"}],"replies":[{"embeddable":true,"href":"https:\/\/zonaroja.com.mx\/index.php?rest_route=%2Fwp%2Fv2%2Fcomments&post=82319"}],"version-history":[{"count":1,"href":"https:\/\/zonaroja.com.mx\/index.php?rest_route=\/wp\/v2\/posts\/82319\/revisions"}],"predecessor-version":[{"id":82321,"href":"https:\/\/zonaroja.com.mx\/index.php?rest_route=\/wp\/v2\/posts\/82319\/revisions\/82321"}],"wp:featuredmedia":[{"embeddable":true,"href":"https:\/\/zonaroja.com.mx\/index.php?rest_route=\/wp\/v2\/media\/82320"}],"wp:attachment":[{"href":"https:\/\/zonaroja.com.mx\/index.php?rest_route=%2Fwp%2Fv2%2Fmedia&parent=82319"}],"wp:term":[{"taxonomy":"category","embeddable":true,"href":"https:\/\/zonaroja.com.mx\/index.php?rest_route=%2Fwp%2Fv2%2Fcategories&post=82319"},{"taxonomy":"post_tag","embeddable":true,"href":"https:\/\/zonaroja.com.mx\/index.php?rest_route=%2Fwp%2Fv2%2Ftags&post=82319"}],"curies":[{"name":"wp","href":"https:\/\/api.w.org\/{rel}","templated":true}]}}