{"id":8232,"date":"2020-01-30T21:05:06","date_gmt":"2020-01-31T03:05:06","guid":{"rendered":"http:\/\/www.zonaroja.com.mx\/?p=8232"},"modified":"2020-01-30T21:05:09","modified_gmt":"2020-01-31T03:05:09","slug":"en-caso-de-hijo-de-periodista-asesinado-fiscalia-negocia-orden-de-aprehension","status":"publish","type":"post","link":"https:\/\/zonaroja.com.mx\/?p=8232","title":{"rendered":"En caso de hijo de periodista asesinado, Fiscal\u00eda \u201cnegocia orden de aprehensi\u00f3n\u201d"},"content":{"rendered":"\n<p>Yuridiana Sosa\/Zona Roja.<\/p>\n\n\n\n<p>San Juan Bautista Tuxtepec, Oax., 30 de enero de 2020.- Excusados en la burocracia, la Vicefiscal\u00eda regional de la Cuenca, de la Fiscal\u00eda General del Estado de Oaxaca, se mantiene omisa en las investigaciones por el asesinato Cirilo Carrera, hijo del reportero Ferm\u00edn Carrera, ocurrido el 20 de noviembre en San Miguel Soyaltepec.<\/p>\n\n\n\n<p>La familia de la v\u00edctima denunci\u00f3 que\nson los propios deudos los que han aportado a la Fiscal\u00eda una serie de\nevidencias del presunto asesino, as\u00ed como de su ubicaci\u00f3n en la Ciudad de\nM\u00e9xico, tras huir del municipio.<\/p>\n\n\n\n<p>Sin embargo, las autoridades periciales\ninforman a la familia que no existen suficientes pruebas y que la orden de\naprehensi\u00f3n, as\u00ed como su ejecuci\u00f3n requieren de procedimiento largo.<\/p>\n\n\n\n<p>\u201cPareciera que est\u00e1n negociando la\norden de aprehensi\u00f3n del caso con los familiares del asesino confeso\u201d,\napuntaron los afectados.<\/p>\n\n\n\n<p>El comunicador Ferm\u00edn Carrera, apunt\u00f3\nque la Fiscal\u00eda requiere que la familia de la v\u00edctima realice los se\u00f1alamientos\ndirectos del lugar donde se ubica el presunto homicida, as\u00ed como identificarlo\ndurante el arresto.<\/p>\n\n\n\n<p>\u201cSe ha aportado informaci\u00f3n suficiente y datos casi exactos de d\u00f3nde se encuentra Filiberto (presunto culplable), &#8216;El Chinguirito&#8217;, en la ciudad de M\u00e9xico, pero los agentes oaxaque\u00f1os tampoco han solicitado apoyo a sus hom\u00f3logos de la procuradur\u00eda capitalina para esta detenci\u00f3n\u201d, refiere Ferm\u00edn Carrera.<\/p>\n\n\n\n<p>LOS HECHOS<\/p>\n\n\n\n<p>Cirilo Carrera Ram\u00edrez, de 28 a\u00f1os de\nedad, muri\u00f3 por las graves heridas provocadas por los disparos de un arma de\nfuego la noche del 20 de noviembre en la cabecera municipal de Soyaltepec,\nmientras caminaba frente a una cantina.<\/p>\n\n\n\n<p>Fue el propio Cirilo quien llam\u00f3 a su\nfamilia para pedir auxilio tras la agresi\u00f3n y quien se\u00f1al\u00f3 como su agresor a\nFiliberto Ruiz Bautista, quien portaba una escopeta.<\/p>\n\n\n\n<p>Testigos del lugar tambi\u00e9n se\u00f1alaron a\nFiliberto como el responsable de los hechos, pues desde varias horas antes\nintimidaba a los transe\u00fantes con su arma, frente al establecimiento de su\npropiedad.<\/p>\n\n\n\n<p>Ferm\u00edn Carrera dio a conocer que\nFiliberto se comunic\u00f3 con \u00e9l para detallar que se trat\u00f3 de un accidente, as\u00ed\ncomo le ofreci\u00f3 dinero para que no presentara la denuncia.<\/p>\n","protected":false},"excerpt":{"rendered":"<p>Yuridiana Sosa\/Zona Roja. San Juan Bautista Tuxtepec, Oax., 30 de enero de 2020.- Excusados en&hellip;<\/p>\n","protected":false},"author":2,"featured_media":8233,"comment_status":"closed","ping_status":"open","sticky":false,"template":"","format":"standard","meta":{"_lmt_disableupdate":"","_lmt_disable":"","_jetpack_memberships_contains_paid_content":false,"footnotes":""},"categories":[109,47],"tags":[1038,1037],"class_list":["post-8232","post","type-post","status-publish","format-standard","has-post-thumbnail","hentry","category-minuto-a-minuto","category-zona-gris","tag-cirilo-carrera","tag-san-miguel-soyaltepec"],"jetpack_featured_media_url":"https:\/\/zonaroja.com.mx\/wp-content\/uploads\/2020\/01\/Cirilo-Carrera.jpg","jetpack_sharing_enabled":true,"_links":{"self":[{"href":"https:\/\/zonaroja.com.mx\/index.php?rest_route=\/wp\/v2\/posts\/8232","targetHints":{"allow":["GET"]}}],"collection":[{"href":"https:\/\/zonaroja.com.mx\/index.php?rest_route=\/wp\/v2\/posts"}],"about":[{"href":"https:\/\/zonaroja.com.mx\/index.php?rest_route=\/wp\/v2\/types\/post"}],"author":[{"embeddable":true,"href":"https:\/\/zonaroja.com.mx\/index.php?rest_route=\/wp\/v2\/users\/2"}],"replies":[{"embeddable":true,"href":"https:\/\/zonaroja.com.mx\/index.php?rest_route=%2Fwp%2Fv2%2Fcomments&post=8232"}],"version-history":[{"count":1,"href":"https:\/\/zonaroja.com.mx\/index.php?rest_route=\/wp\/v2\/posts\/8232\/revisions"}],"predecessor-version":[{"id":8234,"href":"https:\/\/zonaroja.com.mx\/index.php?rest_route=\/wp\/v2\/posts\/8232\/revisions\/8234"}],"wp:featuredmedia":[{"embeddable":true,"href":"https:\/\/zonaroja.com.mx\/index.php?rest_route=\/wp\/v2\/media\/8233"}],"wp:attachment":[{"href":"https:\/\/zonaroja.com.mx\/index.php?rest_route=%2Fwp%2Fv2%2Fmedia&parent=8232"}],"wp:term":[{"taxonomy":"category","embeddable":true,"href":"https:\/\/zonaroja.com.mx\/index.php?rest_route=%2Fwp%2Fv2%2Fcategories&post=8232"},{"taxonomy":"post_tag","embeddable":true,"href":"https:\/\/zonaroja.com.mx\/index.php?rest_route=%2Fwp%2Fv2%2Ftags&post=8232"}],"curies":[{"name":"wp","href":"https:\/\/api.w.org\/{rel}","templated":true}]}}