{"id":82329,"date":"2025-07-11T21:01:42","date_gmt":"2025-07-12T03:01:42","guid":{"rendered":"https:\/\/zonaroja.com.mx\/?p=82329"},"modified":"2025-07-11T21:01:45","modified_gmt":"2025-07-12T03:01:45","slug":"absuelven-a-profesora-mazateca-eloxochitlan-sigue-en-alerta","status":"publish","type":"post","link":"https:\/\/zonaroja.com.mx\/?p=82329","title":{"rendered":"Absuelven a profesora mazateca; Eloxochitl\u00e1n sigue en alerta"},"content":{"rendered":"\n<p>Lisbeth Mej\u00eda Reyes\/Zona Roja.<\/p>\n\n\n\n<p>Oaxaca, Oax., a 11 de julio de 2025.- La profesora mazateca Olga Maribel Betanzos Fuentes obtuvo este 11 de julio su libertad luego de que el juez Constantino Santiago, del juzgado mixto de Huautla de Jim\u00e9nez, determin\u00f3 que ella no cometi\u00f3 los delitos que se le imputaban: da\u00f1o por incendio y robo con violencia.&nbsp;<\/p>\n\n\n\n<p>Sin embargo, el juez determin\u00f3 que los delitos s\u00ed ocurrieron, lo que mantiene la preocupaci\u00f3n del equipo legal de defensores de Eloxochitl\u00e1n de Flores Mag\u00f3n, que considera la determinaci\u00f3n del juez como un acto de persecuci\u00f3n judicial.<\/p>\n\n\n\n<p>La abogada Argelia Betanzos explic\u00f3 que ya existen siete resoluciones anteriores a nivel del Tribunal Superior y a nivel federal que establecen la prescripci\u00f3n de los delitos, por lo que la decisi\u00f3n del juez Constantino es un riesgo, en tanto que otros defensores pueden ser encarcelados si se llega a determinar que cometieron los delitos.<\/p>\n\n\n\n<p>La noticia de la libertad para Olga Maribel fue informada por la abogada Argelia Betanzos y recibida con aplausos y gritos de \u00ab\u00a1S\u00ed se pudo! \u00a1S\u00ed se pudo!\u00bb por las mujeres mazatecas que desde el 8 de julio manten\u00edan un plant\u00f3n en el juzgado de Huautla y este viernes celebraron la liberaci\u00f3n de la docente.<\/p>\n\n\n\n<p>Con esta manifestaci\u00f3n, el grupo, principalmente de mujeres mazatecas, ha exigido la absoluci\u00f3n de la profesora, la cancelaci\u00f3n de las m\u00e1s de 200 \u00f3rdenes de aprehensi\u00f3n en contra de habitantes de Eloxochitl\u00e1n de Flores Mag\u00f3n y alto a la persecuci\u00f3n pol\u00edtica.<\/p>\n\n\n\n<p>\u00abTe felicitamos primeramente, Maribel, por tu resistencia. No de estos tres d\u00edas de plant\u00f3n sino por tu acompa\u00f1amiento de m\u00e1s de una d\u00e9cada en la que nosotras y nosotros, que hemos tenido familiares presos, reconocemos que has estado en la lucha con nosotras\u00bb, expres\u00f3 la representante del equipo legal en esta parte del estado de Oaxaca.<\/p>\n\n\n\n<p>En medio de la felicidad por la resoluci\u00f3n del auto de libertad de Olga Maribel, la abogada admiti\u00f3 que tendr\u00e1n que esperar si la contraparte apelar\u00e1 la decisi\u00f3n ante el Tribunal Superior de Justicia.<\/p>\n\n\n\n<p>\u00abSi eso sucede, en la apelaci\u00f3n nosotras tenemos que pelear no solo que Maribel no cometi\u00f3 los delitos sino que los delitos no se hicieron as\u00ed y los delitos est\u00e1n prescritos. Siete veces ya se dijo que el da\u00f1o por incendio no existe y que se debe cambiar al de da\u00f1os. Y siete veces ya se dijo que el de da\u00f1os prescribi\u00f3\u00bb, explic\u00f3 la abogada.<\/p>\n\n\n\n<p>De acuerdo con la litigante, el pr\u00f3ximo 18 de agosto otros tres compa\u00f1eros (Antonio Betanzos, Ad\u00e1n Betanzos y Gaspar) acudir\u00e1n al juzgado para comparecer y por lo cual tambi\u00e9n se prev\u00e9 realizar un plant\u00f3n como el de esta semana.<\/p>\n","protected":false},"excerpt":{"rendered":"<p>Lisbeth Mej\u00eda Reyes\/Zona Roja. Oaxaca, Oax., a 11 de julio de 2025.- La profesora mazateca&hellip;<\/p>\n","protected":false},"author":2,"featured_media":82330,"comment_status":"closed","ping_status":"open","sticky":false,"template":"","format":"standard","meta":{"_lmt_disableupdate":"","_lmt_disable":"","_jetpack_memberships_contains_paid_content":false,"footnotes":""},"categories":[109,46],"tags":[719],"class_list":["post-82329","post","type-post","status-publish","format-standard","has-post-thumbnail","hentry","category-minuto-a-minuto","category-zona-blanca","tag-eloxochitlan-de-flores-magon"],"jetpack_featured_media_url":"https:\/\/zonaroja.com.mx\/wp-content\/uploads\/2025\/07\/Libertad-mujer-Eloxochitlan.jpeg","jetpack_sharing_enabled":true,"_links":{"self":[{"href":"https:\/\/zonaroja.com.mx\/index.php?rest_route=\/wp\/v2\/posts\/82329","targetHints":{"allow":["GET"]}}],"collection":[{"href":"https:\/\/zonaroja.com.mx\/index.php?rest_route=\/wp\/v2\/posts"}],"about":[{"href":"https:\/\/zonaroja.com.mx\/index.php?rest_route=\/wp\/v2\/types\/post"}],"author":[{"embeddable":true,"href":"https:\/\/zonaroja.com.mx\/index.php?rest_route=\/wp\/v2\/users\/2"}],"replies":[{"embeddable":true,"href":"https:\/\/zonaroja.com.mx\/index.php?rest_route=%2Fwp%2Fv2%2Fcomments&post=82329"}],"version-history":[{"count":1,"href":"https:\/\/zonaroja.com.mx\/index.php?rest_route=\/wp\/v2\/posts\/82329\/revisions"}],"predecessor-version":[{"id":82331,"href":"https:\/\/zonaroja.com.mx\/index.php?rest_route=\/wp\/v2\/posts\/82329\/revisions\/82331"}],"wp:featuredmedia":[{"embeddable":true,"href":"https:\/\/zonaroja.com.mx\/index.php?rest_route=\/wp\/v2\/media\/82330"}],"wp:attachment":[{"href":"https:\/\/zonaroja.com.mx\/index.php?rest_route=%2Fwp%2Fv2%2Fmedia&parent=82329"}],"wp:term":[{"taxonomy":"category","embeddable":true,"href":"https:\/\/zonaroja.com.mx\/index.php?rest_route=%2Fwp%2Fv2%2Fcategories&post=82329"},{"taxonomy":"post_tag","embeddable":true,"href":"https:\/\/zonaroja.com.mx\/index.php?rest_route=%2Fwp%2Fv2%2Ftags&post=82329"}],"curies":[{"name":"wp","href":"https:\/\/api.w.org\/{rel}","templated":true}]}}