{"id":82332,"date":"2025-07-11T22:00:00","date_gmt":"2025-07-12T04:00:00","guid":{"rendered":"https:\/\/zonaroja.com.mx\/?p=82332"},"modified":"2025-07-11T22:35:05","modified_gmt":"2025-07-12T04:35:05","slug":"rescata-fiscalia-de-oaxaca-a-dos-adolescentes-que-eran-exploradas-en-un-bar","status":"publish","type":"post","link":"https:\/\/zonaroja.com.mx\/?p=82332","title":{"rendered":"Rescata Fiscal\u00eda de Oaxaca a dos adolescentes que eran explotadas en un bar"},"content":{"rendered":"\n<p>Redacci\u00f3n\/Zona Roja.&nbsp;<\/p>\n\n\n\n<p>Oaxaca, Oax., a 11 de julio de 2025.- La Fiscal\u00eda General del Estado de Oaxaca (FGEO) detuvo a dos personas, un hombre identificado como M.E.M.J. y una mujer de iniciales I.C.O.M., alias \u00abLa Chata\u00bb, imputados que fueron vinculados a proceso y est\u00e1n en prisi\u00f3n preventiva.<\/p>\n\n\n\n<p>Lo anterior por el delito contra la salud en su modalidad de narcomenudeo en su hip\u00f3tesis de posesi\u00f3n con fines de suministro y corrupci\u00f3n de menores -intervenci\u00f3n legal gracias a la cual rescataron a dos adolescentes que trabajaban en este sitio-, adem\u00e1s que las detenciones se lograron luego de ejecutar una orden de cateo en un bar de Ejutla de Crespo en la regi\u00f3n de Valles Centrales.<\/p>\n\n\n\n<p>De acuerdo con el expediente penal, los imputados fueron detenidos durante la ejecuci\u00f3n de un cateo simult\u00e1neo efectuado en tres negocios comerciales, entre estos un bar denominado \u00abLa Patrona\u00bb, as\u00ed como en un centro de c\u00f3mputo, adem\u00e1s de un establecimiento de venta de agroqu\u00edmicos, localizados en un mismo edificio ubicado en la calle Jos\u00e9 V. Altamirano esquina con Jos\u00e9 M. Ram\u00edrez, del municipio de Ejutla de Crespo.<\/p>\n\n\n\n<p>La investigaci\u00f3n detalla que, en el bar \u201cLa Patrona\u201d rescataron a dos mujeres adolescentes, de 16 y 17 a\u00f1os, una de las cuales trabajaba como mesera, mientras que la segunda laboraba en actividades con fines sexuales. Las v\u00edctimas fueron canalizadas a espacios de atenci\u00f3n integral.<\/p>\n\n\n\n<p>Adem\u00e1s que, en el sitio, tambi\u00e9n aseguraron varias dosis de diferentes drogas, como marihuana y metanfetaminas, as\u00ed como armas de fuego y cartuchos \u00fatiles.<\/p>\n\n\n\n<p>El operativo fue encabezado por la Agencia Estatal de Investigaciones (AEI) junto con elementos de la Secretar\u00eda de la Defensa Nacional (Defensa), Guardia Nacional y Polic\u00eda Estatal de la Secretar\u00eda de Seguridad y Protecci\u00f3n Ciudadana (SSPC) quienes aseguraron lo decomisado y llevaron a los detenidos ante las autoridades ministeriales de la Vicefiscal\u00eda Regional de Valles Centrales para resolver su situaci\u00f3n jur\u00eddica.<\/p>\n\n\n\n<p>En audiencia, el Juez vincul\u00f3 a proceso a M.E.M.J. e I.C.O.M., adem\u00e1s de imponer prisi\u00f3n preventiva por el delito contra la salud en su modalidad de narcomenudeo en su hip\u00f3tesis de posesi\u00f3n con fines de suministro y corrupci\u00f3n de menores.<\/p>\n","protected":false},"excerpt":{"rendered":"<p>Redacci\u00f3n\/Zona Roja.&nbsp; Oaxaca, Oax., a 11 de julio de 2025.- La Fiscal\u00eda General del Estado&hellip;<\/p>\n","protected":false},"author":2,"featured_media":82333,"comment_status":"closed","ping_status":"open","sticky":false,"template":"","format":"standard","meta":{"_lmt_disableupdate":"","_lmt_disable":"","_jetpack_memberships_contains_paid_content":false,"footnotes":""},"categories":[109,46],"tags":[494],"class_list":["post-82332","post","type-post","status-publish","format-standard","has-post-thumbnail","hentry","category-minuto-a-minuto","category-zona-blanca","tag-fiscalia-general-del-estado-de-oaxaca"],"jetpack_featured_media_url":"https:\/\/zonaroja.com.mx\/wp-content\/uploads\/2025\/07\/Detenidos-Ejutla-Fiscalia-Oaxaca-por-corrupcion-de-menores.jpg","jetpack_sharing_enabled":true,"_links":{"self":[{"href":"https:\/\/zonaroja.com.mx\/index.php?rest_route=\/wp\/v2\/posts\/82332","targetHints":{"allow":["GET"]}}],"collection":[{"href":"https:\/\/zonaroja.com.mx\/index.php?rest_route=\/wp\/v2\/posts"}],"about":[{"href":"https:\/\/zonaroja.com.mx\/index.php?rest_route=\/wp\/v2\/types\/post"}],"author":[{"embeddable":true,"href":"https:\/\/zonaroja.com.mx\/index.php?rest_route=\/wp\/v2\/users\/2"}],"replies":[{"embeddable":true,"href":"https:\/\/zonaroja.com.mx\/index.php?rest_route=%2Fwp%2Fv2%2Fcomments&post=82332"}],"version-history":[{"count":2,"href":"https:\/\/zonaroja.com.mx\/index.php?rest_route=\/wp\/v2\/posts\/82332\/revisions"}],"predecessor-version":[{"id":82338,"href":"https:\/\/zonaroja.com.mx\/index.php?rest_route=\/wp\/v2\/posts\/82332\/revisions\/82338"}],"wp:featuredmedia":[{"embeddable":true,"href":"https:\/\/zonaroja.com.mx\/index.php?rest_route=\/wp\/v2\/media\/82333"}],"wp:attachment":[{"href":"https:\/\/zonaroja.com.mx\/index.php?rest_route=%2Fwp%2Fv2%2Fmedia&parent=82332"}],"wp:term":[{"taxonomy":"category","embeddable":true,"href":"https:\/\/zonaroja.com.mx\/index.php?rest_route=%2Fwp%2Fv2%2Fcategories&post=82332"},{"taxonomy":"post_tag","embeddable":true,"href":"https:\/\/zonaroja.com.mx\/index.php?rest_route=%2Fwp%2Fv2%2Ftags&post=82332"}],"curies":[{"name":"wp","href":"https:\/\/api.w.org\/{rel}","templated":true}]}}