{"id":82335,"date":"2025-07-11T21:53:27","date_gmt":"2025-07-12T03:53:27","guid":{"rendered":"https:\/\/zonaroja.com.mx\/?p=82335"},"modified":"2025-07-11T21:53:29","modified_gmt":"2025-07-12T03:53:29","slug":"guelaguetza-oaxaquena-llega-hasta-claudia-sheinbaum-en-palacio-nacional","status":"publish","type":"post","link":"https:\/\/zonaroja.com.mx\/?p=82335","title":{"rendered":"Guelaguetza oaxaque\u00f1a llega hasta Claudia Sheinbaum en Palacio Nacional\u00a0"},"content":{"rendered":"\n<p>Redacci\u00f3n\/Zona Roja.<\/p>\n\n\n\n<p>Oaxaca, Oax., 11 de julio de 2025.- Este viernes la herencia ancestral, cultura, color, m\u00fasica y alegr\u00eda de Oaxaca y su Guelaguetza arribaron a Palacio Nacional, durante la conferencia encabezada por la Presidenta Claudia Sheinbaum Pardo, reafirmando a la entidad como el Coraz\u00f3n cultural y ling\u00fc\u00edstico de M\u00e9xico.&nbsp;<\/p>\n\n\n\n<p>Durante este encuentro, el gobernador de Oaxaca Salom\u00f3n Jara Cruz invit\u00f3 a visitantes nacionales a disfrutar de la Guelaguetza 2025 y las actividades alternas planeadas para celebrar la grandeza de la entidad.<\/p>\n\n\n\n<p>\u201cLa Guelaguetza no es una fiesta m\u00e1s, es nuestra m\u00e1xima ceremonia, es un ritual y encuentro dial\u00e9ctico entre los pueblos al ritmo de sones, jarabes, chilenas y jaranas. Nuestra Guelaguetza es un momento sagrado para recordar lo que somos, lo que fuimos y lo que nunca vamos a olvidar\u201d, enfatiz\u00f3 Jara Cruz.&nbsp;<\/p>\n\n\n\n<p>El mandatario estatal explic\u00f3 que la Guelaguetza es una palabra en zapoteco que significa \u201cofrenda\u201d o \u201cacci\u00f3n de dar\u201d, ya que en tiempos prehisp\u00e1nicos se realizaba un ritual en honor al dios de la lluvia y a la diosa del ma\u00edz, Cent\u00e9otl; para dar gracias por los dones de la tierra y pedir cosechas abundantes.&nbsp;<\/p>\n\n\n\n<p>Ahora, expuso, m\u00e1s all\u00e1 de una ofrenda, la Guelaguetza representa el compromiso colectivo, as\u00ed como las redes de solidaridad y ayuda mutua entre las comunidades.<\/p>\n\n\n\n<p>\u201cSomos los diversos granos de una misma mazorca, si no lo hacemos nosotros, \u00bfqui\u00e9n preservar\u00e1 los rituales, sabores, el olor de las flores o el canto de las \u00faltimas aves? Ojal\u00e1 no se olviden nuestras canciones, perduren los sue\u00f1os y las palabras, y la memoria hable, que estremezca para que el ma\u00edz siga siendo mujer y lo fecunde todo\u201d, extern\u00f3.<\/p>\n\n\n\n<p>Tras presentar el video oficial de la m\u00e1xima fiesta de las y los oaxaque\u00f1os, en compa\u00f1\u00eda de la representante de la Diosa Cent\u00e9otl 2025, Patricia Casiano Zaragoza, as\u00ed como representantes de las 16 culturas y el pueblo afromexicano; el Gobernador de Oaxaca detall\u00f3 que el 21 y 28 de julio se llevar\u00e1n a cabo las participaciones de las comunidades en la Rotonda de la Azucena, con 32 y 33 delegaciones respectivamente.&nbsp;<\/p>\n\n\n\n<p>Sin dejar de lado la Calenda Cultural, la Feria del Mezcal y de las Artesan\u00edas, as\u00ed como la Feria de la Tlayuda, donde se romper\u00e1 el r\u00e9cord del ejemplar m\u00e1s grande del mundo; el Bani Stui Gulal, repetici\u00f3n de lo antiguo; los conciertos masivos gratuitos en la capital oaxaque\u00f1a y actividades sin costo en espacios p\u00fablicos de municipios conurbados.&nbsp;<\/p>\n\n\n\n<p>Tambi\u00e9n, Jara Cruz agradeci\u00f3 la presencia y apoyo de la Presidenta de M\u00e9xico en la zona afectada por el hurac\u00e1n Erick; asimismo, reiter\u00f3 la invitaci\u00f3n a ser parte de las fiestas de Guelaguetza.<\/p>\n\n\n\n<p>Record\u00f3 que el dinero recaudado de la venta de boletos para las presentaciones de los Lunes del Cerro y la Feria del Mezcal ser\u00e1 donado para apoyar a las personas damnificadas por el fen\u00f3meno ocurrido el mes pasado.<\/p>\n\n\n\n<figure class=\"wp-block-embed is-type-rich is-provider-twitter wp-block-embed-twitter\"><div class=\"wp-block-embed__wrapper\">\n<div class=\"twitter-tweet\"><blockquote class=\"twitter-tweet\" data-lang=\"es\"><p lang=\"es\" dir=\"ltr\">\u201cVoy a hacer todo lo posible\u2026 queremos mucho a Oaxaca\u201d, la respuesta de la Presidenta <a href=\"https:\/\/twitter.com\/Claudiashein?ref_src=twsrc%5Etfw\">@Claudiashein<\/a> a la invitaci\u00f3n del mandatario <a href=\"https:\/\/twitter.com\/salomonj?ref_src=twsrc%5Etfw\">@salomonj<\/a> para que acuda a alguna de las presentaciones de la <a href=\"https:\/\/twitter.com\/hashtag\/Guelaguetza2025?src=hash&amp;ref_src=twsrc%5Etfw\">#Guelaguetza2025<\/a>. <a href=\"https:\/\/t.co\/H4sT4eOaEC\">pic.twitter.com\/H4sT4eOaEC<\/a><\/p>&mdash; Zona Roja Oaxaca (@ZonaRoja_Oaxaca) <a href=\"https:\/\/twitter.com\/ZonaRoja_Oaxaca\/status\/1943750298562179581?ref_src=twsrc%5Etfw\">11 de julio de 2025<\/a><\/blockquote><\/div>\n<\/div><\/figure>\n","protected":false},"excerpt":{"rendered":"<p>Redacci\u00f3n\/Zona Roja. Oaxaca, Oax., 11 de julio de 2025.- Este viernes la herencia ancestral, cultura,&hellip;<\/p>\n","protected":false},"author":2,"featured_media":82336,"comment_status":"closed","ping_status":"open","sticky":false,"template":"","format":"standard","meta":{"_lmt_disableupdate":"","_lmt_disable":"","_jetpack_memberships_contains_paid_content":false,"footnotes":""},"categories":[109,46],"tags":[939],"class_list":["post-82335","post","type-post","status-publish","format-standard","has-post-thumbnail","hentry","category-minuto-a-minuto","category-zona-blanca","tag-salomon-jara-cruz"],"jetpack_featured_media_url":"https:\/\/zonaroja.com.mx\/wp-content\/uploads\/2025\/07\/Salomon-Jara-Palacio-Nacional-Claudia-Guelaguetza.jpeg","jetpack_sharing_enabled":true,"_links":{"self":[{"href":"https:\/\/zonaroja.com.mx\/index.php?rest_route=\/wp\/v2\/posts\/82335","targetHints":{"allow":["GET"]}}],"collection":[{"href":"https:\/\/zonaroja.com.mx\/index.php?rest_route=\/wp\/v2\/posts"}],"about":[{"href":"https:\/\/zonaroja.com.mx\/index.php?rest_route=\/wp\/v2\/types\/post"}],"author":[{"embeddable":true,"href":"https:\/\/zonaroja.com.mx\/index.php?rest_route=\/wp\/v2\/users\/2"}],"replies":[{"embeddable":true,"href":"https:\/\/zonaroja.com.mx\/index.php?rest_route=%2Fwp%2Fv2%2Fcomments&post=82335"}],"version-history":[{"count":1,"href":"https:\/\/zonaroja.com.mx\/index.php?rest_route=\/wp\/v2\/posts\/82335\/revisions"}],"predecessor-version":[{"id":82337,"href":"https:\/\/zonaroja.com.mx\/index.php?rest_route=\/wp\/v2\/posts\/82335\/revisions\/82337"}],"wp:featuredmedia":[{"embeddable":true,"href":"https:\/\/zonaroja.com.mx\/index.php?rest_route=\/wp\/v2\/media\/82336"}],"wp:attachment":[{"href":"https:\/\/zonaroja.com.mx\/index.php?rest_route=%2Fwp%2Fv2%2Fmedia&parent=82335"}],"wp:term":[{"taxonomy":"category","embeddable":true,"href":"https:\/\/zonaroja.com.mx\/index.php?rest_route=%2Fwp%2Fv2%2Fcategories&post=82335"},{"taxonomy":"post_tag","embeddable":true,"href":"https:\/\/zonaroja.com.mx\/index.php?rest_route=%2Fwp%2Fv2%2Ftags&post=82335"}],"curies":[{"name":"wp","href":"https:\/\/api.w.org\/{rel}","templated":true}]}}