{"id":82345,"date":"2025-07-12T08:15:00","date_gmt":"2025-07-12T14:15:00","guid":{"rendered":"https:\/\/zonaroja.com.mx\/?p=82345"},"modified":"2025-07-12T06:51:30","modified_gmt":"2025-07-12T12:51:30","slug":"indagan-asesinato-de-un-joven-en-pinotepa-nacional-oaxaca","status":"publish","type":"post","link":"https:\/\/zonaroja.com.mx\/?p=82345","title":{"rendered":"Indagan asesinato de un joven en Pinotepa Nacional, Oaxaca"},"content":{"rendered":"\n<p>Raymundo Morales\/Zona Roja.<\/p>\n\n\n\n<p>Oaxaca, Oax., a 12 de julio de 2025.- Personal de la Vicefiscal\u00eda Regional de la Costa, dependiente de la Fiscal\u00eda General del Estado de Oaxaca, indaga el asesinato de un joven de 18 a\u00f1os de edad en Santiago Pinotepa Nacional.<\/p>\n\n\n\n<p>De acuerdo con reportes policiacos, el crimen se perpetr\u00f3 la madrugada de ayer viernes en contra de quien fue identificado con las iniciales L. A. B. en el centro de dicho municipio de la regi\u00f3n Costa.&nbsp;<\/p>\n\n\n\n<p>El individuo circulaba a bordo de u motocicleta sobre la calle 20 Norte esquina con 4 Oriente, cundo sujetos armados dispararon de manera directa en contra de \u00e9l.<\/p>\n\n\n\n<p>Personal param\u00e9dico arrib\u00f3 al sitio para brindarle los primeros auxilios pero corrobor\u00f3 que ya no contaba con signos vitales; tras ello elementos policiacos resguardaron la zona.<\/p>\n\n\n\n<p>La Vicefiscal\u00eda Regional efectu\u00f3 las primeras actividades periciales y abri\u00f3 la carpeta de investigaci\u00f3n correspondiente, con la finalidad de dar con el paradero de los agresores y llevarlos ante la justicia.<\/p>\n","protected":false},"excerpt":{"rendered":"<p>Raymundo Morales\/Zona Roja. Oaxaca, Oax., a 12 de julio de 2025.- Personal de la Vicefiscal\u00eda&hellip;<\/p>\n","protected":false},"author":2,"featured_media":74062,"comment_status":"closed","ping_status":"open","sticky":false,"template":"","format":"standard","meta":{"_lmt_disableupdate":"","_lmt_disable":"","_jetpack_memberships_contains_paid_content":false,"footnotes":""},"categories":[109,51],"tags":[4060],"class_list":["post-82345","post","type-post","status-publish","format-standard","has-post-thumbnail","hentry","category-minuto-a-minuto","category-zona-roja","tag-asesinato-pinotepa-nacional"],"jetpack_featured_media_url":"https:\/\/zonaroja.com.mx\/wp-content\/uploads\/2024\/11\/Escena-del-crimen-1.jpg","jetpack_sharing_enabled":true,"_links":{"self":[{"href":"https:\/\/zonaroja.com.mx\/index.php?rest_route=\/wp\/v2\/posts\/82345","targetHints":{"allow":["GET"]}}],"collection":[{"href":"https:\/\/zonaroja.com.mx\/index.php?rest_route=\/wp\/v2\/posts"}],"about":[{"href":"https:\/\/zonaroja.com.mx\/index.php?rest_route=\/wp\/v2\/types\/post"}],"author":[{"embeddable":true,"href":"https:\/\/zonaroja.com.mx\/index.php?rest_route=\/wp\/v2\/users\/2"}],"replies":[{"embeddable":true,"href":"https:\/\/zonaroja.com.mx\/index.php?rest_route=%2Fwp%2Fv2%2Fcomments&post=82345"}],"version-history":[{"count":1,"href":"https:\/\/zonaroja.com.mx\/index.php?rest_route=\/wp\/v2\/posts\/82345\/revisions"}],"predecessor-version":[{"id":82346,"href":"https:\/\/zonaroja.com.mx\/index.php?rest_route=\/wp\/v2\/posts\/82345\/revisions\/82346"}],"wp:featuredmedia":[{"embeddable":true,"href":"https:\/\/zonaroja.com.mx\/index.php?rest_route=\/wp\/v2\/media\/74062"}],"wp:attachment":[{"href":"https:\/\/zonaroja.com.mx\/index.php?rest_route=%2Fwp%2Fv2%2Fmedia&parent=82345"}],"wp:term":[{"taxonomy":"category","embeddable":true,"href":"https:\/\/zonaroja.com.mx\/index.php?rest_route=%2Fwp%2Fv2%2Fcategories&post=82345"},{"taxonomy":"post_tag","embeddable":true,"href":"https:\/\/zonaroja.com.mx\/index.php?rest_route=%2Fwp%2Fv2%2Ftags&post=82345"}],"curies":[{"name":"wp","href":"https:\/\/api.w.org\/{rel}","templated":true}]}}