{"id":82352,"date":"2025-07-12T10:30:00","date_gmt":"2025-07-12T16:30:00","guid":{"rendered":"https:\/\/zonaroja.com.mx\/?p=82352"},"modified":"2025-07-12T07:15:35","modified_gmt":"2025-07-12T13:15:35","slug":"pierde-oaxaca-mas-de-7-mil-empleos-formales-en-el-primer-semestre-de-2025","status":"publish","type":"post","link":"https:\/\/zonaroja.com.mx\/?p=82352","title":{"rendered":"Pierde Oaxaca m\u00e1s de 7 mil empleos formales en el primer semestre de 2025"},"content":{"rendered":"\n<p>Lisbeth Mej\u00eda Reyes\/Zona Roja.<\/p>\n\n\n\n<p>Oaxaca, Oax.,a 12 de julio de 2025.- En medio del incremento generalizado de los precios de bienes y servicios que afecta los hogares mexicanos, el estado de Oaxaca es uno de los que m\u00e1s empleos formales ha perdido en el primer semestre del 2025.<\/p>\n\n\n\n<p>Despu\u00e9s de Sinaloa y Veracruz, en los que 36 mil 68 y 8 mil 920 personas perdieron sus fuentes de empleo formales, Oaxaca es la tercera con las mayores afectaciones: 7 mil 442 plazas laborales menos que las de diciembre de 2024.<\/p>\n\n\n\n<p>Datos de la Secretar\u00eda del Trabajo y Previsi\u00f3n Social (STPS) se\u00f1alan que en diciembre de 2024 en Oaxaca hab\u00eda 236 mil 905 personas que ten\u00edan un empleo formal (principalmente de tipo permanente). Para junio de este a\u00f1o, eran 229 mil 463 las personas que manten\u00edan estas plazas labores.<\/p>\n\n\n\n<p>Los empleos formales consideran tanto los de tipo permanente como los eventuales. Los de tipo permanente mostraron un ligero incremento de diciembre a junio: de 197 mil 503 a 198 mil 925. Es decir, hay 1,422 personas m\u00e1s con un empleo formal de tipo permanente.<\/p>\n\n\n\n<p>Sin embargo, en los de tipo eventual es en los que se registraron las mayores p\u00e9rdidas de plazas labores formales. En diciembre de 2024 eran 39 mil 402, pero para junio disminuyeron a 30 mil 538 (una diferencia de 8 mil 864).<\/p>\n\n\n\n<p>Las p\u00e9rdidas de empleos formales se dan en un contexto en el que el estado de Oaxaca y su capital se han convertido en unos de los m\u00e1s caros del pa\u00eds, seg\u00fan el \u00cdndice Nacional de Precios al Consumidor (INPC) del Instituto Nacional de Estad\u00edstica y Geograf\u00eda (Inegi).<\/p>\n\n\n\n<p>Tambi\u00e9n en medio de la informalidad que persiste en el estado de Oaxaca. Al cierre del 2024 la entidad ocupaba el primer lugar de informalidad laboral, seguida por Guerrero y Chiapas, seg\u00fan la Encuesta Nacional de Ocupaci\u00f3n y Empleo (ENOE) del Inegi.<\/p>\n\n\n\n<p>Aunque con altibajos, los empleos formales ven\u00edan aumentando en el estado de Oaxaca desde 2022. En enero de ese a\u00f1o eran 215 mil 571 y para diciembre de ese a\u00f1o alcanzaron 223 mil 694. De ese diciembre al de 2023 los empleos formales alcanzaron los 232 mil 703. &nbsp;En diciembre del 2024 eran 236 mil 905 empleos formales y para junio de este a\u00f1o bajaron a 229 mil 463.<\/p>\n","protected":false},"excerpt":{"rendered":"<p>Lisbeth Mej\u00eda Reyes\/Zona Roja. Oaxaca, Oax.,a 12 de julio de 2025.- En medio del incremento&hellip;<\/p>\n","protected":false},"author":2,"featured_media":82353,"comment_status":"closed","ping_status":"open","sticky":false,"template":"","format":"standard","meta":{"_lmt_disableupdate":"","_lmt_disable":"","_jetpack_memberships_contains_paid_content":false,"footnotes":""},"categories":[109,47],"tags":[3144],"class_list":["post-82352","post","type-post","status-publish","format-standard","has-post-thumbnail","hentry","category-minuto-a-minuto","category-zona-gris","tag-desempleo-en-oaxaaca"],"jetpack_featured_media_url":"https:\/\/zonaroja.com.mx\/wp-content\/uploads\/2025\/07\/Busco-trabajo-desempleo-empleo.jpg","jetpack_sharing_enabled":true,"_links":{"self":[{"href":"https:\/\/zonaroja.com.mx\/index.php?rest_route=\/wp\/v2\/posts\/82352","targetHints":{"allow":["GET"]}}],"collection":[{"href":"https:\/\/zonaroja.com.mx\/index.php?rest_route=\/wp\/v2\/posts"}],"about":[{"href":"https:\/\/zonaroja.com.mx\/index.php?rest_route=\/wp\/v2\/types\/post"}],"author":[{"embeddable":true,"href":"https:\/\/zonaroja.com.mx\/index.php?rest_route=\/wp\/v2\/users\/2"}],"replies":[{"embeddable":true,"href":"https:\/\/zonaroja.com.mx\/index.php?rest_route=%2Fwp%2Fv2%2Fcomments&post=82352"}],"version-history":[{"count":1,"href":"https:\/\/zonaroja.com.mx\/index.php?rest_route=\/wp\/v2\/posts\/82352\/revisions"}],"predecessor-version":[{"id":82354,"href":"https:\/\/zonaroja.com.mx\/index.php?rest_route=\/wp\/v2\/posts\/82352\/revisions\/82354"}],"wp:featuredmedia":[{"embeddable":true,"href":"https:\/\/zonaroja.com.mx\/index.php?rest_route=\/wp\/v2\/media\/82353"}],"wp:attachment":[{"href":"https:\/\/zonaroja.com.mx\/index.php?rest_route=%2Fwp%2Fv2%2Fmedia&parent=82352"}],"wp:term":[{"taxonomy":"category","embeddable":true,"href":"https:\/\/zonaroja.com.mx\/index.php?rest_route=%2Fwp%2Fv2%2Fcategories&post=82352"},{"taxonomy":"post_tag","embeddable":true,"href":"https:\/\/zonaroja.com.mx\/index.php?rest_route=%2Fwp%2Fv2%2Ftags&post=82352"}],"curies":[{"name":"wp","href":"https:\/\/api.w.org\/{rel}","templated":true}]}}