{"id":82355,"date":"2025-07-12T11:29:00","date_gmt":"2025-07-12T17:29:00","guid":{"rendered":"https:\/\/zonaroja.com.mx\/?p=82355"},"modified":"2025-07-12T07:30:58","modified_gmt":"2025-07-12T13:30:58","slug":"alteraron-indicios-en-incendio-en-colegio-francoise-dolto-vinculados-a-proceso","status":"publish","type":"post","link":"https:\/\/zonaroja.com.mx\/?p=82355","title":{"rendered":"Alteraron indicios en incendio en colegio \u201cFrancoise Dolto\u201d; vinculados a proceso"},"content":{"rendered":"\n<p>Redacci\u00f3n\/Zona Roja.&nbsp;<\/p>\n\n\n\n<p>Oaxaca, Oax., a 12 de julio de 2025.- La Fiscal\u00eda General del Estado de Oaxaca (FGEO) obtuvo vinculaci\u00f3n a proceso en contra de dos personas del sexo masculino identificados como J.G.F.G. y J.M.G.S., por el delito que se establece como Alteraci\u00f3n de Indicios y Evidencias, por hechos en los que ni\u00f1as y ni\u00f1os del colegio \u201cFrancoise Dolto\u201d sufrieron lesiones por quemadura durante una actividad recreativa, acciones con las que suman cuatro personas vinculadas a proceso por este caso.<\/p>\n\n\n\n<p>De acuerdo con el expediente penal, los hechos ocurrieron el 29 de abril de 2025, cuando las v\u00edctimas -alumnas y alumnos del colegio \u201cFrancoise Dolto\u201d- acudieron a la escuela localizada en el centro de la ciudad de Oaxaca, para participar en un campamento como parte de los festejos por el D\u00eda del Ni\u00f1o.<\/p>\n\n\n\n<p>Sin embargo, cuando se encontraban alrededor de una fogata, una persona adulta lanz\u00f3 alcohol et\u00edlico que aviv\u00f3 el fuego, el cual alcanz\u00f3 a varios menores de edad, quienes resultaron con lesiones de gravedad por las quemaduras.<\/p>\n\n\n\n<p>Tras tener conocimiento de estos hechos, la FGEO -a trav\u00e9s de la Vicefiscal\u00eda Regional de Valles Centrales- realiz\u00f3 las investigaciones correspondientes, las cuales permitieron presentar ante el Juez de la Causa a J.G.F.G. y J.M.G.S., por el delito de Alteraci\u00f3n de indicios y evidencias en lugar de los hechos, pues derivado de las indagatorias se estableci\u00f3 que habr\u00edan sustra\u00eddo documentaci\u00f3n y equipos electr\u00f3nicos (computadora port\u00e1til y disco duro), que conten\u00edan grabaciones de video correspondientes a los hechos, antes que las autoridades llevaran a cabo las diligencias correspondientes.<\/p>\n\n\n\n<p>En audiencia y tras validar los datos de prueba proporcionados por la FGEO, el Juez en turno determin\u00f3 vincular a proceso a J.G.F.G. y J.M.G.S., otorgando el plazo de cuatro meses para el cierre de investigaci\u00f3n complementaria.<\/p>\n\n\n\n<p>Cabe destacar que, con esta esta acci\u00f3n, suman ya cuatro personas vinculadas a proceso por este caso en el que ni\u00f1as y ni\u00f1os del colegio \u201cFrancoise Dolto\u201d sufrieron lesiones por quemadura durante una actividad recreativa, se trata de dos mujeres identificadas como G.S.M. y S.I.S.<\/p>\n\n\n\n<p>ACUSADO DE HOMICIDIO<\/p>\n\n\n\n<p>En otro caso, la Fiscal\u00eda General obtuvo auto de vinculaci\u00f3n a proceso en contra de una persona del sexo masculino identificado como N.S.H., por el delito de Homicidio Calificado con Ventaja, en agravio de una mujer identificada como F.M.M., y una menor de edad- cuya identidad est\u00e1 reservada por ley-, cometido en la regi\u00f3n de la Costa.<\/p>\n\n\n\n<p>De acuerdo con el expediente penal del caso, los hechos ocurrieron el 07 de marzo de 2018, cuando las v\u00edctimas se encontraban al interior de un domicilio ubicado en la poblaci\u00f3n de Barrio Nuevo de Santo Domingo de Morelos en San Pedro Pochutla, lugar donde lleg\u00f3 el imputado y las agredi\u00f3 con disparos de arma de fuego infligiendo lesiones de gravedad.<\/p>\n\n\n\n<p>La investigaci\u00f3n revela que, tras estos hechos, las v\u00edctimas fueron trasladadas de inmediato a un hospital de la ciudad de San Pedro Pochutla, lugar donde perdieron la vida al d\u00eda siguiente, cuando recib\u00edan atenci\u00f3n m\u00e9dica.<\/p>\n\n\n\n<p>Tras tener conocimiento de los hechos, la FGEO inici\u00f3 las investigaciones del caso con perspectiva de g\u00e9nero e infancia a trav\u00e9s de la Vicefiscal\u00eda Regional de la Costa, logrando obtener una orden de aprehensi\u00f3n y posteriormente realizar la detenci\u00f3n de N.S.H., la cual fue ejecutada por elementos de la Agencia Estatal de Investigaciones (AEI) quienes lo pusieron a disposici\u00f3n de las autoridades para su proceso legal.<\/p>\n\n\n\n<p>En audiencia, luego de evaluar las pruebas presentadas por la FGEO, el Juez de la causa determin\u00f3 vincular a proceso al imputado por el delito de homicidio calificado con ventaja, adem\u00e1s de imponer la medida cautelar respectiva y otorgar el plazo de un mes para el cierre de la investigaci\u00f3n complementaria.<\/p>\n","protected":false},"excerpt":{"rendered":"<p>Redacci\u00f3n\/Zona Roja.&nbsp; Oaxaca, Oax., a 12 de julio de 2025.- La Fiscal\u00eda General del Estado&hellip;<\/p>\n","protected":false},"author":2,"featured_media":82356,"comment_status":"closed","ping_status":"open","sticky":false,"template":"","format":"standard","meta":{"_lmt_disableupdate":"","_lmt_disable":"","_jetpack_memberships_contains_paid_content":false,"footnotes":""},"categories":[109,46],"tags":[494],"class_list":["post-82355","post","type-post","status-publish","format-standard","has-post-thumbnail","hentry","category-minuto-a-minuto","category-zona-blanca","tag-fiscalia-general-del-estado-de-oaxaca"],"jetpack_featured_media_url":"https:\/\/zonaroja.com.mx\/wp-content\/uploads\/2025\/07\/Detenidos-y-vinculados-caso-colegio-Francoise-Dolto.jpg","jetpack_sharing_enabled":true,"_links":{"self":[{"href":"https:\/\/zonaroja.com.mx\/index.php?rest_route=\/wp\/v2\/posts\/82355","targetHints":{"allow":["GET"]}}],"collection":[{"href":"https:\/\/zonaroja.com.mx\/index.php?rest_route=\/wp\/v2\/posts"}],"about":[{"href":"https:\/\/zonaroja.com.mx\/index.php?rest_route=\/wp\/v2\/types\/post"}],"author":[{"embeddable":true,"href":"https:\/\/zonaroja.com.mx\/index.php?rest_route=\/wp\/v2\/users\/2"}],"replies":[{"embeddable":true,"href":"https:\/\/zonaroja.com.mx\/index.php?rest_route=%2Fwp%2Fv2%2Fcomments&post=82355"}],"version-history":[{"count":1,"href":"https:\/\/zonaroja.com.mx\/index.php?rest_route=\/wp\/v2\/posts\/82355\/revisions"}],"predecessor-version":[{"id":82357,"href":"https:\/\/zonaroja.com.mx\/index.php?rest_route=\/wp\/v2\/posts\/82355\/revisions\/82357"}],"wp:featuredmedia":[{"embeddable":true,"href":"https:\/\/zonaroja.com.mx\/index.php?rest_route=\/wp\/v2\/media\/82356"}],"wp:attachment":[{"href":"https:\/\/zonaroja.com.mx\/index.php?rest_route=%2Fwp%2Fv2%2Fmedia&parent=82355"}],"wp:term":[{"taxonomy":"category","embeddable":true,"href":"https:\/\/zonaroja.com.mx\/index.php?rest_route=%2Fwp%2Fv2%2Fcategories&post=82355"},{"taxonomy":"post_tag","embeddable":true,"href":"https:\/\/zonaroja.com.mx\/index.php?rest_route=%2Fwp%2Fv2%2Ftags&post=82355"}],"curies":[{"name":"wp","href":"https:\/\/api.w.org\/{rel}","templated":true}]}}