{"id":82358,"date":"2025-07-12T12:34:00","date_gmt":"2025-07-12T18:34:00","guid":{"rendered":"https:\/\/zonaroja.com.mx\/?p=82358"},"modified":"2025-07-12T07:35:07","modified_gmt":"2025-07-12T13:35:07","slug":"tribunal-restituye-derechos-a-periodista-de-campeche-denunciado-por-gobernadora","status":"publish","type":"post","link":"https:\/\/zonaroja.com.mx\/?p=82358","title":{"rendered":"Tribunal restituye derechos a periodista de Campeche, denunciado por gobernadora"},"content":{"rendered":"\n<p>Redacci\u00f3n\/Zona Roja Cdmx.<\/p>\n\n\n\n<p>Ciudad de M\u00e9xico, a 12 de julio de 2025.- El periodista Jorge Luis Gonz\u00e1lez Valdez, se\u00f1alado por incitar al odio y a la violencia contra la gobernadora de Campeche, Layda Sansores, volver\u00e1 a ejercer su labor luego de que un tribunal ordenara restituir sus derechos.<\/p>\n\n\n\n<p>El Tribunal Colegiado del Trig\u00e9simo Primer Circuito consider\u00f3 excesivas las sanciones contra el periodista, ya que vulneran derechos fundamentales como la libertad de expresi\u00f3n, derecho al trabajo y el acceso a la justicia.<\/p>\n\n\n\n<p>\u201cLas restricciones carec\u00edan de proporcionalidad y se pudieron haber adoptado medidas menos lesivas\u201d, se apunt\u00f3 en el fallo.<\/p>\n\n\n\n<p>Dicha resoluci\u00f3n fue&nbsp;aprobada por unanimidad por los magistrados Christian Omar Gonz\u00e1lez Segovia, Miguel \u00c1ngel Gonz\u00e1lez Escalante y Gilberto No\u00e9 Mart\u00edn Pat Betancourt, este \u00faltimo en calidad de ponente.<\/p>\n\n\n\n<p>El periodista Jorge Luis Gonz\u00e1lez fue vinculado a proceso el 13 de junio por la jueza Guadalupe Mart\u00ednez Taboada por los delitos de presunta incitaci\u00f3n al odio y a la violencia&nbsp;en contra de la gobernadora Layda Sansores.<\/p>\n\n\n\n<p>La mandataria estatal hab\u00eda detallado en su denuncia que el periodista realizaba&nbsp;contenido \u201ccon sa\u00f1a\u201d, incitando a la violencia en su contra. Adem\u00e1s consider\u00f3 que sus notas&nbsp;la dejaban \u201cen la indefensi\u00f3n\u201d.<\/p>\n\n\n\n<p>Por esta raz\u00f3n, la jueza orden\u00f3 a Gonz\u00e1lez Valdez ejercer la labor period\u00edstica durante un periodo de dos a\u00f1os y una indemnizaci\u00f3n de dos millones de pesos, aunque apunt\u00f3 que su proceso lo pod\u00eda llevar en libertad.<\/p>\n\n\n\n<p>Tras darse a conocer este fallo, el periodista dio a conocer que de inmediato activ\u00f3 su plataforma noticiosa y que reiniciar\u00e1 transmisiones.<\/p>\n\n\n\n<p>\u201cEstoy feliz por la decisi\u00f3n que se tom\u00f3, apegada completamente a derecho\u201d, dijo en entrevista para el programa de Ciro G\u00f3mez Leyva en Radio F\u00f3rmula.<\/p>\n\n\n\n<p>\u201cHoy regreso, hoy ya estar\u00e9 en mi programa, que se llama Expediente, a trav\u00e9s de plataformas porque en Campeche los peri\u00f3dicos escritos no existen, tampoco hay canales locales y el periodismo que se practica es artesanal porque son plataformas\u201d, agreg\u00f3.<\/p>\n\n\n\n<p>(Con informaci\u00f3n de L\u00f3pez-D\u00f3riga Digital)<\/p>\n","protected":false},"excerpt":{"rendered":"<p>Redacci\u00f3n\/Zona Roja Cdmx. Ciudad de M\u00e9xico, a 12 de julio de 2025.- El periodista Jorge&hellip;<\/p>\n","protected":false},"author":2,"featured_media":82341,"comment_status":"closed","ping_status":"open","sticky":false,"template":"","format":"standard","meta":{"_lmt_disableupdate":"","_lmt_disable":"","_jetpack_memberships_contains_paid_content":false,"footnotes":""},"categories":[109,47],"tags":[3430],"class_list":["post-82358","post","type-post","status-publish","format-standard","has-post-thumbnail","hentry","category-minuto-a-minuto","category-zona-gris","tag-layda-sansores-campeche"],"jetpack_featured_media_url":"https:\/\/zonaroja.com.mx\/wp-content\/uploads\/2025\/07\/Layda-Sansores-Campeche-y-periodista.jpg.webp","jetpack_sharing_enabled":true,"_links":{"self":[{"href":"https:\/\/zonaroja.com.mx\/index.php?rest_route=\/wp\/v2\/posts\/82358","targetHints":{"allow":["GET"]}}],"collection":[{"href":"https:\/\/zonaroja.com.mx\/index.php?rest_route=\/wp\/v2\/posts"}],"about":[{"href":"https:\/\/zonaroja.com.mx\/index.php?rest_route=\/wp\/v2\/types\/post"}],"author":[{"embeddable":true,"href":"https:\/\/zonaroja.com.mx\/index.php?rest_route=\/wp\/v2\/users\/2"}],"replies":[{"embeddable":true,"href":"https:\/\/zonaroja.com.mx\/index.php?rest_route=%2Fwp%2Fv2%2Fcomments&post=82358"}],"version-history":[{"count":1,"href":"https:\/\/zonaroja.com.mx\/index.php?rest_route=\/wp\/v2\/posts\/82358\/revisions"}],"predecessor-version":[{"id":82359,"href":"https:\/\/zonaroja.com.mx\/index.php?rest_route=\/wp\/v2\/posts\/82358\/revisions\/82359"}],"wp:featuredmedia":[{"embeddable":true,"href":"https:\/\/zonaroja.com.mx\/index.php?rest_route=\/wp\/v2\/media\/82341"}],"wp:attachment":[{"href":"https:\/\/zonaroja.com.mx\/index.php?rest_route=%2Fwp%2Fv2%2Fmedia&parent=82358"}],"wp:term":[{"taxonomy":"category","embeddable":true,"href":"https:\/\/zonaroja.com.mx\/index.php?rest_route=%2Fwp%2Fv2%2Fcategories&post=82358"},{"taxonomy":"post_tag","embeddable":true,"href":"https:\/\/zonaroja.com.mx\/index.php?rest_route=%2Fwp%2Fv2%2Ftags&post=82358"}],"curies":[{"name":"wp","href":"https:\/\/api.w.org\/{rel}","templated":true}]}}