{"id":82366,"date":"2025-07-12T15:30:00","date_gmt":"2025-07-12T21:30:00","guid":{"rendered":"https:\/\/zonaroja.com.mx\/?p=82366"},"modified":"2025-07-12T08:02:25","modified_gmt":"2025-07-12T14:02:25","slug":"justicia-de-estados-unidos-destaca-acuerdo-con-ovidio-guzman","status":"publish","type":"post","link":"https:\/\/zonaroja.com.mx\/?p=82366","title":{"rendered":"Justicia de Estados Unidos destaca acuerdo con Ovidio Guzm\u00e1n"},"content":{"rendered":"\n<p>Redacci\u00f3n\/Zona Roja Cdmx.<\/p>\n\n\n\n<p>Ciudad de M\u00e9xico, a 12 de julio de 2025.- La Justicia de Estados Unidos calific\u00f3 este viernes de \u201chist\u00f3rica\u201d la declaraci\u00f3n de culpabilidad del narcotraficante Ovidio Guzm\u00e1n L\u00f3pez, hijo de Joaqu\u00edn \u2018el Chapo\u2019 Guzm\u00e1n, respecto a cuatro cargos relacionados con el narcotr\u00e1fico.<\/p>\n\n\n\n<p>\u201cLa hist\u00f3rica declaraci\u00f3n de culpabilidad de hoy env\u00eda otro mensaje claro de que este Gobierno va a acabar con las organizaciones delictivas transnacionales y a exigir responsabilidades a sus miembros y colaboradores de m\u00e1s alto rango\u201d, afirm\u00f3 Andrew Boutros, fiscal de EE.UU. para el Distrito Norte de Illinois, en un comunicado divulgado por el Departamento de Justicia (DOJ).<\/p>\n\n\n\n<p>Por su parte, Jay Clayton, fiscal federal para el Distrito Sur de Nueva York, subray\u00f3 que la declaraci\u00f3n de culpabilidad de Guzm\u00e1n L\u00f3pez es \u201cotro paso importante para responsabilizar al cartel de Sinaloa y a sus l\u00edderes\u201d por \u201calimentar la epidemia de fentanilo que ha asolado a tantos estadounidenses\u201d.<\/p>\n\n\n\n<p>Mientras que el fiscal de EE.UU. para el Distrito Sur de California, Adam Gordon, se\u00f1al\u00f3 que, tras el acuerdo de culpabilidad de Guzm\u00e1n L\u00f3pez, los l\u00edderes del cartel de Sinaloa que permanecen libres \u201cest\u00e1n paranoicos, desconfiados y desesperados\u201d.<\/p>\n\n\n\n<p>Los cuatro cargos por los que se declar\u00f3 culpable Guzm\u00e1n L\u00f3pez en un tribunal de Chicago incluyen tr\u00e1fico de m\u00faltiples drogas (entre ellas fentanilo) y participar en el crimen organizado.<\/p>\n\n\n\n<p>Vestido con un mono naranja de presidiario y con esposas en los pies, Guzm\u00e1n L\u00f3pez, de 35 a\u00f1os, apareci\u00f3 en la corte con una barba y lentes, una imagen que no se le conoc\u00eda, y adopt\u00f3 un aire humilde mientras escuchaba con aud\u00edfonos las preguntas de la jueza Sharon Coleman.<\/p>\n\n\n\n<p>La Fiscal\u00eda puntualiz\u00f3 que solicitar\u00e1 una pena menor a la perpetuidad siempre que Guzm\u00e1n \u201ccumpla\u201d con lo que se ha comprometido, es decir -aunque no lo dijo expl\u00edcitamente- d\u00e9 suficiente informaci\u00f3n a la justicia estadounidense para seguir persiguiendo el narcotr\u00e1fico.<\/p>\n\n\n\n<p>Seg\u00fan el Departamento de Justicia (DOJ), en su acuerdo de culpabilidad, Guzm\u00e1n L\u00f3pez ha admitido que coordin\u00f3 el transporte de coca\u00edna, hero\u00edna, fentanilo y otras drogas desde M\u00e9xico hasta la frontera con Estados Unidos, a veces en env\u00edos de cientos o miles de kilogramos.<\/p>\n\n\n\n<p>(Con informaci\u00f3n de EFE en L\u00f3pez-D\u00f3riga Digital)<\/p>\n","protected":false},"excerpt":{"rendered":"<p>Redacci\u00f3n\/Zona Roja Cdmx. Ciudad de M\u00e9xico, a 12 de julio de 2025.- La Justicia de&hellip;<\/p>\n","protected":false},"author":2,"featured_media":82367,"comment_status":"closed","ping_status":"open","sticky":false,"template":"","format":"standard","meta":{"_lmt_disableupdate":"","_lmt_disable":"","_jetpack_memberships_contains_paid_content":false,"footnotes":""},"categories":[109,47],"tags":[887],"class_list":["post-82366","post","type-post","status-publish","format-standard","has-post-thumbnail","hentry","category-minuto-a-minuto","category-zona-gris","tag-ovidio-guzman-lopez"],"jetpack_featured_media_url":"https:\/\/zonaroja.com.mx\/wp-content\/uploads\/2025\/07\/Ovidio-Guzman-se-entrega.jpeg","jetpack_sharing_enabled":true,"_links":{"self":[{"href":"https:\/\/zonaroja.com.mx\/index.php?rest_route=\/wp\/v2\/posts\/82366","targetHints":{"allow":["GET"]}}],"collection":[{"href":"https:\/\/zonaroja.com.mx\/index.php?rest_route=\/wp\/v2\/posts"}],"about":[{"href":"https:\/\/zonaroja.com.mx\/index.php?rest_route=\/wp\/v2\/types\/post"}],"author":[{"embeddable":true,"href":"https:\/\/zonaroja.com.mx\/index.php?rest_route=\/wp\/v2\/users\/2"}],"replies":[{"embeddable":true,"href":"https:\/\/zonaroja.com.mx\/index.php?rest_route=%2Fwp%2Fv2%2Fcomments&post=82366"}],"version-history":[{"count":1,"href":"https:\/\/zonaroja.com.mx\/index.php?rest_route=\/wp\/v2\/posts\/82366\/revisions"}],"predecessor-version":[{"id":82368,"href":"https:\/\/zonaroja.com.mx\/index.php?rest_route=\/wp\/v2\/posts\/82366\/revisions\/82368"}],"wp:featuredmedia":[{"embeddable":true,"href":"https:\/\/zonaroja.com.mx\/index.php?rest_route=\/wp\/v2\/media\/82367"}],"wp:attachment":[{"href":"https:\/\/zonaroja.com.mx\/index.php?rest_route=%2Fwp%2Fv2%2Fmedia&parent=82366"}],"wp:term":[{"taxonomy":"category","embeddable":true,"href":"https:\/\/zonaroja.com.mx\/index.php?rest_route=%2Fwp%2Fv2%2Fcategories&post=82366"},{"taxonomy":"post_tag","embeddable":true,"href":"https:\/\/zonaroja.com.mx\/index.php?rest_route=%2Fwp%2Fv2%2Ftags&post=82366"}],"curies":[{"name":"wp","href":"https:\/\/api.w.org\/{rel}","templated":true}]}}