{"id":82379,"date":"2025-07-13T10:30:00","date_gmt":"2025-07-13T16:30:00","guid":{"rendered":"https:\/\/zonaroja.com.mx\/?p=82379"},"modified":"2025-07-13T07:09:21","modified_gmt":"2025-07-13T13:09:21","slug":"por-presuntas-ligas-con-el-narco-buscan-a-ex-secretario-de-seguridad-de-tabasco","status":"publish","type":"post","link":"https:\/\/zonaroja.com.mx\/?p=82379","title":{"rendered":"Por presuntas ligas con el narco, buscan a ex secretario de seguridad de Tabasco"},"content":{"rendered":"\n<p>Redacci\u00f3n\/Zona Roja Cdmx.<\/p>\n\n\n\n<p>Ciudad de M\u00e9xico, a 13 de julio de 2025.- El general Miguel \u00c1ngel L\u00f3pez Mart\u00ednez, encargado de la estrategia de seguridad en Tabasco, revel\u00f3 que existe una orden de aprehensi\u00f3n contra Hern\u00e1n Berm\u00fadez Requena, exsecretario de Seguridad P\u00fablica de Tabasco durante el mandato de Ad\u00e1n Augusto L\u00f3pez.<\/p>\n\n\n\n<p>En entrevista para Radio F\u00f3rmula, el funcionario estatal indic\u00f3 a que Berm\u00fadez Requena se le acusa de ser el l\u00edder del grupo criminal \u201cLa Barredora\u201d.<\/p>\n\n\n\n<p>De acuerdo con L\u00f3pez Mart\u00ednez, la orden de arresto fue emitida el 14 de febrero, d\u00eda en que Berm\u00fadez Requena abandon\u00f3 el pa\u00eds, en un vuelo de M\u00e9rida a Panam\u00e1.<\/p>\n\n\n\n<p>Posteriormente, se dirigi\u00f3 a Espa\u00f1a y su \u00faltima ubicaci\u00f3n conocida es Brasil. Las autoridades ya est\u00e1n en contacto con la Interpol para lograr su aprehensi\u00f3n.<\/p>\n\n\n\n<p>El general tambi\u00e9n destac\u00f3 que, si bien al inicio de la estrategia de seguridad los l\u00edderes principales de \u201cLa Barredora\u201d no ten\u00edan \u00f3rdenes de aprehensi\u00f3n, gracias al trabajo coordinado, pr\u00e1cticamente todos los l\u00edderes ya cuentan con una orden de captura.<\/p>\n\n\n\n<p>\u201cCuando llegamos aqu\u00ed, esos l\u00edderes importantes, originales de \u201dLa Barredora\u00bb, no ten\u00edan orden de aprehensi\u00f3n y ahorita podemos decir que gracias a la coordinaci\u00f3n y el trabajo (&#8230;) pr\u00e1cticamente todos ya tienen orden de aprehensi\u00f3n: Requena, Prada, Tomasin ya cay\u00f3, Pinto\u201d, se\u00f1al\u00f3 L\u00f3pez Mart\u00ednez.<\/p>\n\n\n\n<p>LIGADO AL CJNG<\/p>\n\n\n\n<p>Cabe recordar que el actual gobernador de Tabasco, Javier May, hab\u00eda se\u00f1alado a Hern\u00e1n Berm\u00fadez Requena desde noviembre de 2024 como el l\u00edder de \u201cLa Barredora\u201d, un grupo criminal vinculado al C\u00e1rtel Jalisco Nueva Generaci\u00f3n (CJNG).<\/p>\n\n\n\n<p>Hasta el momento, Ad\u00e1n Augusto L\u00f3pez, ahora senador de la Rep\u00fablica, no se ha pronunciado al respecto.<\/p>\n\n\n\n<p>De acuerdo con un reportaje de Sin Embargo, en junio del 2006, Hern\u00e1n Berm\u00fadez Requena fue indiciado y arraigado durante 11 d\u00edas en el Centro Nacional de Arraigos de la entonces PGR, en la CDMX, como presunto implicado en el secuestro y homicidio del ganadero veracruzano Ponciano V\u00e1zquez Lagunes.<\/p>\n\n\n\n<p>Al no encontrar pruebas suficientes, fue liberado.<\/p>\n\n\n\n<p>(Informaci\u00f3n de Pol\u00edtico.Mx)<\/p>\n","protected":false},"excerpt":{"rendered":"<p>Redacci\u00f3n\/Zona Roja Cdmx. Ciudad de M\u00e9xico, a 13 de julio de 2025.- El general Miguel&hellip;<\/p>\n","protected":false},"author":2,"featured_media":82372,"comment_status":"closed","ping_status":"open","sticky":false,"template":"","format":"standard","meta":{"_lmt_disableupdate":"","_lmt_disable":"","_jetpack_memberships_contains_paid_content":false,"footnotes":""},"categories":[109,47],"tags":[4357],"class_list":["post-82379","post","type-post","status-publish","format-standard","has-post-thumbnail","hentry","category-minuto-a-minuto","category-zona-gris","tag-hernan-bermudez-requena"],"jetpack_featured_media_url":"https:\/\/zonaroja.com.mx\/wp-content\/uploads\/2025\/07\/Adan-Augusto-Lopez-y-su-secretario-de-Seguridad.jpeg","jetpack_sharing_enabled":true,"_links":{"self":[{"href":"https:\/\/zonaroja.com.mx\/index.php?rest_route=\/wp\/v2\/posts\/82379","targetHints":{"allow":["GET"]}}],"collection":[{"href":"https:\/\/zonaroja.com.mx\/index.php?rest_route=\/wp\/v2\/posts"}],"about":[{"href":"https:\/\/zonaroja.com.mx\/index.php?rest_route=\/wp\/v2\/types\/post"}],"author":[{"embeddable":true,"href":"https:\/\/zonaroja.com.mx\/index.php?rest_route=\/wp\/v2\/users\/2"}],"replies":[{"embeddable":true,"href":"https:\/\/zonaroja.com.mx\/index.php?rest_route=%2Fwp%2Fv2%2Fcomments&post=82379"}],"version-history":[{"count":1,"href":"https:\/\/zonaroja.com.mx\/index.php?rest_route=\/wp\/v2\/posts\/82379\/revisions"}],"predecessor-version":[{"id":82380,"href":"https:\/\/zonaroja.com.mx\/index.php?rest_route=\/wp\/v2\/posts\/82379\/revisions\/82380"}],"wp:featuredmedia":[{"embeddable":true,"href":"https:\/\/zonaroja.com.mx\/index.php?rest_route=\/wp\/v2\/media\/82372"}],"wp:attachment":[{"href":"https:\/\/zonaroja.com.mx\/index.php?rest_route=%2Fwp%2Fv2%2Fmedia&parent=82379"}],"wp:term":[{"taxonomy":"category","embeddable":true,"href":"https:\/\/zonaroja.com.mx\/index.php?rest_route=%2Fwp%2Fv2%2Fcategories&post=82379"},{"taxonomy":"post_tag","embeddable":true,"href":"https:\/\/zonaroja.com.mx\/index.php?rest_route=%2Fwp%2Fv2%2Ftags&post=82379"}],"curies":[{"name":"wp","href":"https:\/\/api.w.org\/{rel}","templated":true}]}}