{"id":8238,"date":"2020-01-30T21:39:35","date_gmt":"2020-01-31T03:39:35","guid":{"rendered":"http:\/\/www.zonaroja.com.mx\/?p=8238"},"modified":"2020-01-30T21:39:38","modified_gmt":"2020-01-31T03:39:38","slug":"es-inminente-la-llegada-del-coronavirus-a-mexico-acepta-ssa","status":"publish","type":"post","link":"https:\/\/zonaroja.com.mx\/?p=8238","title":{"rendered":"Es inminente la llegada del coronavirus a M\u00e9xico, acepta SSA"},"content":{"rendered":"\n<p>Redacci\u00f3n\/Zona Roja Cdmx.<\/p>\n\n\n\n<p>Ciudad de M\u00e9xico, 30 de enero de 2020. La\nSecretar\u00eda de Salud federal reconoci\u00f3 hoy que es inminente la llegada del coronavirus\n2019 n-CoV a M\u00e9xico, por su alta capacidad de transmisi\u00f3n entre personas y\ndebido al intenso tr\u00e1nsito poblacional entre los pa\u00edses.<\/p>\n\n\n\n<p>Asimismo, debido a que no hay cierre de\nfronteras en el norte ni en el sur. No obstante, el sistema nacional de salud\navanza en la preparaci\u00f3n de acciones para hacer frente a la infecci\u00f3n que se\norigin\u00f3 en China, afirm\u00f3 Jos\u00e9 Luis Alom\u00eda, director general de Epidemiolog\u00eda de\nla Secretar\u00eda de Salud (SSa).<\/p>\n\n\n\n<p>El especialista, vocero del gobierno\nfederal para el tema del coronavirus, encabez\u00f3 esta tarde de jueves una\nconferencia de prensa, luego de la declaratoria de emergencia de salud p\u00fablica\nde inter\u00e9s internacional determinada por la Organizaci\u00f3n Mundial de Salud a\ncausa de la enfermedad respiratoria.<\/p>\n\n\n\n<p>Puntualiz\u00f3 que hasta hoy, s\u00f3lo se han\nreportado nueve casos sospechosos, sobre los cuales ya qued\u00f3 descartado que se\ntrate del nuevo virus. Asimismo, subray\u00f3 que el sistema de vigilancia\nepidemiol\u00f3gica se mantiene en alerta en todo el pa\u00eds, las 24 horas del d\u00eda.<\/p>\n\n\n\n<p>Jean-Marc Gabastou, asesor internacional\nde Emergencias en Salud de la Organizaci\u00f3n Mundial de la Salud (OMS) explic\u00f3\nque la declaratoria es un llamado a los pa\u00edses a que aceleren las medidas de\ncontenci\u00f3n en personas con s\u00edntomas de infecci\u00f3n respiratoria y con antecedente\nde haber estado en China, sobre todo en las ciudades donde circula el nuevo\nagente infeccioso.<\/p>\n\n\n\n<p>Resalt\u00f3 que M\u00e9xico inici\u00f3 con los\ntrabajos de preparaci\u00f3n hace varias semanas, de tal manera que la decisi\u00f3n de\nla OMS no tendr\u00e1 mayor impacto aqu\u00ed, por ahora.<\/p>\n","protected":false},"excerpt":{"rendered":"<p>Redacci\u00f3n\/Zona Roja Cdmx. Ciudad de M\u00e9xico, 30 de enero de 2020. La Secretar\u00eda de Salud&hellip;<\/p>\n","protected":false},"author":2,"featured_media":8239,"comment_status":"closed","ping_status":"open","sticky":false,"template":"","format":"standard","meta":{"_lmt_disableupdate":"","_lmt_disable":"","_jetpack_memberships_contains_paid_content":false,"footnotes":""},"categories":[109,47],"tags":[1328],"class_list":["post-8238","post","type-post","status-publish","format-standard","has-post-thumbnail","hentry","category-minuto-a-minuto","category-zona-gris","tag-coronavirus-mexico"],"jetpack_featured_media_url":"https:\/\/zonaroja.com.mx\/wp-content\/uploads\/2020\/01\/Coronavirus-M\u00e9xico.png","jetpack_sharing_enabled":true,"_links":{"self":[{"href":"https:\/\/zonaroja.com.mx\/index.php?rest_route=\/wp\/v2\/posts\/8238","targetHints":{"allow":["GET"]}}],"collection":[{"href":"https:\/\/zonaroja.com.mx\/index.php?rest_route=\/wp\/v2\/posts"}],"about":[{"href":"https:\/\/zonaroja.com.mx\/index.php?rest_route=\/wp\/v2\/types\/post"}],"author":[{"embeddable":true,"href":"https:\/\/zonaroja.com.mx\/index.php?rest_route=\/wp\/v2\/users\/2"}],"replies":[{"embeddable":true,"href":"https:\/\/zonaroja.com.mx\/index.php?rest_route=%2Fwp%2Fv2%2Fcomments&post=8238"}],"version-history":[{"count":1,"href":"https:\/\/zonaroja.com.mx\/index.php?rest_route=\/wp\/v2\/posts\/8238\/revisions"}],"predecessor-version":[{"id":8240,"href":"https:\/\/zonaroja.com.mx\/index.php?rest_route=\/wp\/v2\/posts\/8238\/revisions\/8240"}],"wp:featuredmedia":[{"embeddable":true,"href":"https:\/\/zonaroja.com.mx\/index.php?rest_route=\/wp\/v2\/media\/8239"}],"wp:attachment":[{"href":"https:\/\/zonaroja.com.mx\/index.php?rest_route=%2Fwp%2Fv2%2Fmedia&parent=8238"}],"wp:term":[{"taxonomy":"category","embeddable":true,"href":"https:\/\/zonaroja.com.mx\/index.php?rest_route=%2Fwp%2Fv2%2Fcategories&post=8238"},{"taxonomy":"post_tag","embeddable":true,"href":"https:\/\/zonaroja.com.mx\/index.php?rest_route=%2Fwp%2Fv2%2Ftags&post=8238"}],"curies":[{"name":"wp","href":"https:\/\/api.w.org\/{rel}","templated":true}]}}