{"id":82385,"date":"2025-07-13T13:00:00","date_gmt":"2025-07-13T19:00:00","guid":{"rendered":"https:\/\/zonaroja.com.mx\/?p=82385"},"modified":"2025-07-13T07:31:44","modified_gmt":"2025-07-13T13:31:44","slug":"inicia-en-oaxaca-la-guelaguetza-en-la-vida-cotidiana","status":"publish","type":"post","link":"https:\/\/zonaroja.com.mx\/?p=82385","title":{"rendered":"Inicia en Oaxaca la \u00abGuelaguetza en la vida cotidiana\u00bb"},"content":{"rendered":"\n<p>Lisbeth Mej\u00eda Reyes\/Zona Roja.<\/p>\n\n\n\n<p>Oaxaca, Oax., a 13 de julio de 2025.- Con presentaci\u00f3n de danza, talleres, conversatorio, proyecci\u00f3n de cine, exposici\u00f3n y programaci\u00f3n radial, el Espacio Estatal en Defensa del Ma\u00edz Nativo de Oaxaca desarrolla desde este s\u00e1bado y hasta el 18 de julio el programa Guelaguetza en la vida Cotidiana, pr\u00e1cticas de apoyo mutuo desde los saberes tradicionales.<\/p>\n\n\n\n<p>La actividad, que ha realizado por varios a\u00f1os en el estado de Oaxaca, se propone nuevamente como un espacio de reflexi\u00f3n sobre lo que significa la guelaguetza en las comunidades, m\u00e1s all\u00e1 del programa gubernamental que lleva este nombre.<\/p>\n\n\n\n<p>A nombre de las organizaciones y personas que conforman el Espacio Estatal en Defensa del Ma\u00edz Nativo de Oaxaca, la activista y artista visual Edith Morales comparti\u00f3 el pronunciamiento de la jornada, en el cual se volvi\u00f3 a se\u00f1alar que \u00abla fiesta denominada Guelaguetza desvirt\u00faa un concepto ancestral que representa una forma de vida de miles de comunidades ind\u00edgenas que habitan este espacio territorial que llamamos mesoam\u00e9rica\u00bb.<\/p>\n\n\n\n<p>La guelaguetza, dijo la fundadora del Centro Ecol\u00f3gico Milpa Urbana, puede entenderse en el idioma espa\u00f1ol como reciprocidad, \u00abpero es un intercambio entre iguales, expresa un compromiso de apoyo mutuo\u00bb.<\/p>\n\n\n\n<p>Guelaguetza en la vida cotidiana inici\u00f3 este 12 de abril con un ritual de agradecimiento y jornada cultural frente al templo de Santo Domingo, en la ciudad de Oaxaca. Abarc\u00f3 una presentaci\u00f3n de danza del grupo Calpulli, m\u00fasica y dos mesas informativas sobre el ma\u00edz y la campa\u00f1a regional \u00abDe la milpa a mi mesa\u00bb, entre otras actividades.<\/p>\n\n\n\n<p>Para este domingo, en el Centro Ecol\u00f3gico Milpa Urbana, en el barrio de Xochimilco, se efectuar\u00e1 el conversatorio Gueza microbiana: el tejido de vida\u00bb, de 12:00 a 14:00 horas.<\/p>\n\n\n\n<p>El lunes, de 11:00 a 14:00 horas, se presentar\u00e1n la \u00abLoter\u00eda del ma\u00edz\u00bb y habr\u00e1 una muestra de serigraf\u00eda, a cargo de la asociaci\u00f3n civil Yunhiz Alternativo, en la Plazuela del Carmen Alto, en la capital oaxaque\u00f1a.<\/p>\n\n\n\n<p>Ese mismo d\u00eda, pero de las 9:00 a las 15:00 horas, se desarrollar\u00e1 el taller \u00abGozona de saberes: abejas en nuestro entorno\u00bb, en la sede de la Uni\u00f3n de Organizaciones de la Sierra Ju\u00e1rez de Oaxaca (UNOSJO), en Guelatao de Ju\u00e1rez.<\/p>\n\n\n\n<p>En colaboraci\u00f3n con el Centro Profesional Ind\u00edgena de Asesor\u00eda, Defensa y Traducci\u00f3n, A. C. (Cepiadet), el martes 15 de julio habr\u00e1 participaciones radiales a partir de la 9:30 horas en las radiodifusoras comunitarias y del sistema del radiodifusoras culturales indigenistas del Instituto Nacional de los Pueblos Ind\u00edgenas (INPI).<\/p>\n\n\n\n<p>El mi\u00e9rcoles se realizar\u00e1 el taller \u00abSanando con las plantas y el temazcal: saberes de la Sierra Ju\u00e1rez\u00bb, en la sede de UNOSJO en Guelatao. Tambi\u00e9n, una participaci\u00f3n en Radio Plant\u00f3n para hablar sobre el rescate de la milpa, y una actividad sobre la dieta de la milpa y bordado, en el Centro Ecol\u00f3gico Milpa Urbana, en la capital oaxaque\u00f1a.<\/p>\n\n\n\n<p>Entre las actividades del jueves est\u00e1n la exposici\u00f3n de bordados con el tema del ma\u00edz, a cargo de alumnos de la secundaria Mois\u00e9s S\u00e1enz, y la proyecci\u00f3n del video \u00abTata ndo&#8217;o &#8211; un sistema antiguo para una agricultura con futuro\u00bb, ambas en el Instituto de Artes Gr\u00e1ficas de Oaxaca, en el centro de la ciudad de Oaxaca.<\/p>\n\n\n\n<p>El \u00faltimo d\u00eda estar\u00e1 dedicado a una participaci\u00f3n radiof\u00f3nica con el tema \u00abJornada Guelaguetza en la vida cotidiana\u00bb.<\/p>\n\n\n\n<p>Las actividades son de acceso libre y el programa puede consultarse en las redes sociales del Espacio Estatal en Defensa del Ma\u00edz Nativo de Oaxaca.<\/p>\n","protected":false},"excerpt":{"rendered":"<p>Lisbeth Mej\u00eda Reyes\/Zona Roja. Oaxaca, Oax., a 13 de julio de 2025.- Con presentaci\u00f3n de&hellip;<\/p>\n","protected":false},"author":2,"featured_media":82386,"comment_status":"closed","ping_status":"open","sticky":false,"template":"","format":"standard","meta":{"_lmt_disableupdate":"","_lmt_disable":"","_jetpack_memberships_contains_paid_content":false,"footnotes":""},"categories":[109,46],"tags":[],"class_list":["post-82385","post","type-post","status-publish","format-standard","has-post-thumbnail","hentry","category-minuto-a-minuto","category-zona-blanca"],"jetpack_featured_media_url":"https:\/\/zonaroja.com.mx\/wp-content\/uploads\/2025\/07\/Guelaguetza-en-la-vida-cotidiana-Oaxaca.jpeg","jetpack_sharing_enabled":true,"_links":{"self":[{"href":"https:\/\/zonaroja.com.mx\/index.php?rest_route=\/wp\/v2\/posts\/82385","targetHints":{"allow":["GET"]}}],"collection":[{"href":"https:\/\/zonaroja.com.mx\/index.php?rest_route=\/wp\/v2\/posts"}],"about":[{"href":"https:\/\/zonaroja.com.mx\/index.php?rest_route=\/wp\/v2\/types\/post"}],"author":[{"embeddable":true,"href":"https:\/\/zonaroja.com.mx\/index.php?rest_route=\/wp\/v2\/users\/2"}],"replies":[{"embeddable":true,"href":"https:\/\/zonaroja.com.mx\/index.php?rest_route=%2Fwp%2Fv2%2Fcomments&post=82385"}],"version-history":[{"count":1,"href":"https:\/\/zonaroja.com.mx\/index.php?rest_route=\/wp\/v2\/posts\/82385\/revisions"}],"predecessor-version":[{"id":82387,"href":"https:\/\/zonaroja.com.mx\/index.php?rest_route=\/wp\/v2\/posts\/82385\/revisions\/82387"}],"wp:featuredmedia":[{"embeddable":true,"href":"https:\/\/zonaroja.com.mx\/index.php?rest_route=\/wp\/v2\/media\/82386"}],"wp:attachment":[{"href":"https:\/\/zonaroja.com.mx\/index.php?rest_route=%2Fwp%2Fv2%2Fmedia&parent=82385"}],"wp:term":[{"taxonomy":"category","embeddable":true,"href":"https:\/\/zonaroja.com.mx\/index.php?rest_route=%2Fwp%2Fv2%2Fcategories&post=82385"},{"taxonomy":"post_tag","embeddable":true,"href":"https:\/\/zonaroja.com.mx\/index.php?rest_route=%2Fwp%2Fv2%2Ftags&post=82385"}],"curies":[{"name":"wp","href":"https:\/\/api.w.org\/{rel}","templated":true}]}}