{"id":82390,"date":"2025-07-13T19:00:19","date_gmt":"2025-07-14T01:00:19","guid":{"rendered":"https:\/\/zonaroja.com.mx\/?p=82390"},"modified":"2025-07-13T19:00:22","modified_gmt":"2025-07-14T01:00:22","slug":"seccion-22-concluye-ciclo-escolar-antes-de-tiempo-y-sin-reponer-clases","status":"publish","type":"post","link":"https:\/\/zonaroja.com.mx\/?p=82390","title":{"rendered":"Secci\u00f3n 22 concluye ciclo escolar antes de tiempo y sin reponer clases"},"content":{"rendered":"\n<p>Lisbeth Mej\u00eda Reyes\/Zona Roja.<\/p>\n\n\n\n<p>Oaxaca, Oax., a 13 de julio de 2025.- Sin reponer clases de tres semanas perdidas, la Secci\u00f3n 22 del SNTE comenz\u00f3 desde la semana pasada a clausurar el ciclo escolar en diversos planteles del estado de Oaxaca.<\/p>\n\n\n\n<p>La propia secretaria General del gremio, Yenny Aracely P\u00e9rez Mart\u00ednez presidi\u00f3 una de las clausuras, en la escuela Secundaria T\u00e9cnica 14, m\u00e1s conocida como internado de Reyes Mantec\u00f3n, San Bartolo Coyotepec.<\/p>\n\n\n\n<p>\u201cDurante el acto de clausura, se cont\u00f3 con la presencia de la Mtra. Yenny Aracely P\u00e9rez Mart\u00ednez, secretaria General de la Secci\u00f3n XXII del SNTE-CNTE, quien dirigi\u00f3 un mensaje de reconocimiento y aliento a los egresados, docentes y padres de familia, y tuvo el honor de declarar formalmente clausurado el ciclo escolar.<\/p>\n\n\n\n<p>\u201cEl evento destac\u00f3 por su esp\u00edritu de unidad, compromiso y orgullo, reflejando el esfuerzo de estudiantes y maestras y maestros que, desde sus realidades regionales, hacen del internado un espacio de formaci\u00f3n integral, resistencia y esperanza\u201d, refiere el gremio en sus redes sociales.<\/p>\n\n\n\n<p>Y es que debido al \u201cplant\u00f3n\u201d masivo que efectu\u00f3 del 15 de mayo al 7 de junio en la Ciudad de M\u00e9xico, para exigir la abrogaci\u00f3n de la Ley del ISSSTE del 2007, la Secci\u00f3n 22 del Sindicato Nacional de Trabajadores de la Educaci\u00f3n (SNTE) hizo que m\u00e1s de 800 mil estudiantes del estado de Oaxaca perdieran tres semanas de clases.<\/p>\n\n\n\n<p>De los 190 d\u00edas que marca el calendario escolar de la Secretar\u00eda de Educaci\u00f3n P\u00fablica (SEP), el plant\u00f3n represent\u00f3 16 d\u00edas perdidos.&nbsp;<\/p>\n\n\n\n<p>A esta p\u00e9rdida de clases se suman los d\u00edas que ya no se laboraron en este mes, ya que a pesar de que el ciclo escolar concluye el 16 de julio, varias escuelas del estado de Oaxaca empezaron a clausurar actividades al menos desde el d\u00eda 7.<\/p>\n\n\n\n<p>El ciclo escolar 2024-2025 inici\u00f3 el 26 de agosto, con una matr\u00edcula de 866 mil 186 alumnos, de acuerdo con el Instituto Estatal de Educaci\u00f3n P\u00fablica de Oaxaca (IEEPO).&nbsp;<\/p>\n\n\n\n<p>La dependencia estatal tambi\u00e9n detall\u00f3 que los 190 d\u00edas de actividades escolares estaba en vigentes para los niveles inicial, preescolar, primaria, secundaria y educaci\u00f3n especial en los diferentes planteles de la entidad incorporadas al Sistema Educativo Nacional.<\/p>\n\n\n\n<p>Sin embargo, a la par del ciclo escolar marcado por la SEP, la Secci\u00f3n 22 gener\u00f3 uno propio que comenz\u00f3 el 22 de agosto y deb\u00eda de concluir el pr\u00f3ximo 14 de julio.<\/p>\n\n\n\n<p>Para el ciclo escolar 2025-2026, que abarcar\u00e1 185 d\u00edas, la SEP inform\u00f3 recientemente que las clases iniciar\u00e1n el 1 de septiembre y concluir\u00e1n el 15 de julio. Dentro de este periodo, las vacaciones ser\u00e1n del 22 de diciembre al 6 de enero y del 30 de marzo al 10 de abril.<\/p>\n\n\n\n<p>Se espera que de igual forma la Secci\u00f3n 22 del magisterio oaxaque\u00f1o genere un calendario altern\u00f3, el que por ahora proyecta el inicio de clases el 25 de agosto.<\/p>\n","protected":false},"excerpt":{"rendered":"<p>Lisbeth Mej\u00eda Reyes\/Zona Roja. Oaxaca, Oax., a 13 de julio de 2025.- Sin reponer clases&hellip;<\/p>\n","protected":false},"author":2,"featured_media":82373,"comment_status":"closed","ping_status":"open","sticky":false,"template":"","format":"standard","meta":{"_lmt_disableupdate":"","_lmt_disable":"","_jetpack_memberships_contains_paid_content":false,"footnotes":""},"categories":[109,47],"tags":[312],"class_list":["post-82390","post","type-post","status-publish","format-standard","has-post-thumbnail","hentry","category-minuto-a-minuto","category-zona-gris","tag-seccion-22-del-snte"],"jetpack_featured_media_url":"https:\/\/zonaroja.com.mx\/wp-content\/uploads\/2025\/07\/Clausura-internado-Reyes-Mantecon-Seccion-22.jpg","jetpack_sharing_enabled":true,"_links":{"self":[{"href":"https:\/\/zonaroja.com.mx\/index.php?rest_route=\/wp\/v2\/posts\/82390","targetHints":{"allow":["GET"]}}],"collection":[{"href":"https:\/\/zonaroja.com.mx\/index.php?rest_route=\/wp\/v2\/posts"}],"about":[{"href":"https:\/\/zonaroja.com.mx\/index.php?rest_route=\/wp\/v2\/types\/post"}],"author":[{"embeddable":true,"href":"https:\/\/zonaroja.com.mx\/index.php?rest_route=\/wp\/v2\/users\/2"}],"replies":[{"embeddable":true,"href":"https:\/\/zonaroja.com.mx\/index.php?rest_route=%2Fwp%2Fv2%2Fcomments&post=82390"}],"version-history":[{"count":1,"href":"https:\/\/zonaroja.com.mx\/index.php?rest_route=\/wp\/v2\/posts\/82390\/revisions"}],"predecessor-version":[{"id":82391,"href":"https:\/\/zonaroja.com.mx\/index.php?rest_route=\/wp\/v2\/posts\/82390\/revisions\/82391"}],"wp:featuredmedia":[{"embeddable":true,"href":"https:\/\/zonaroja.com.mx\/index.php?rest_route=\/wp\/v2\/media\/82373"}],"wp:attachment":[{"href":"https:\/\/zonaroja.com.mx\/index.php?rest_route=%2Fwp%2Fv2%2Fmedia&parent=82390"}],"wp:term":[{"taxonomy":"category","embeddable":true,"href":"https:\/\/zonaroja.com.mx\/index.php?rest_route=%2Fwp%2Fv2%2Fcategories&post=82390"},{"taxonomy":"post_tag","embeddable":true,"href":"https:\/\/zonaroja.com.mx\/index.php?rest_route=%2Fwp%2Fv2%2Ftags&post=82390"}],"curies":[{"name":"wp","href":"https:\/\/api.w.org\/{rel}","templated":true}]}}