{"id":82392,"date":"2025-07-13T20:18:46","date_gmt":"2025-07-14T02:18:46","guid":{"rendered":"https:\/\/zonaroja.com.mx\/?p=82392"},"modified":"2025-07-13T20:18:48","modified_gmt":"2025-07-14T02:18:48","slug":"identifican-a-individuo-asesinado-en-juchitan-balacera-en-matias-romero","status":"publish","type":"post","link":"https:\/\/zonaroja.com.mx\/?p=82392","title":{"rendered":"Identifican a individuo asesinado en Juchit\u00e1n; balacera en Mat\u00edas Romero"},"content":{"rendered":"\n<p>Raymundo Morales\/Zona Roja.<\/p>\n\n\n\n<p>Oaxaca, Oax., a 13 de julio de 2025.- Como Ever \u201cN\u201d fue identificara la persona adulta mayor asesinada la noche del s\u00e1bado en el municipio de Juchit\u00e1n de Zaragoza.<\/p>\n\n\n\n<p>El hombre proced\u00eda de la comunidad Cerro Iguana, perteneciente al municipio de Santo Domingo Ingenio, en la zona oriente del Istmo; hab\u00eda apalabrado la compra de un veh\u00edculo.<\/p>\n\n\n\n<p>Sin embargo, desde el pasado jueves desapareci\u00f3 y sus familiares lo buscaban, debido a que tambi\u00e9n llevaba una fuerte suma de dinero.<\/p>\n\n\n\n<p>De acuerdo con medios informativos de la regi\u00f3n y reportes policiacos, por esa raz\u00f3n habr\u00edan asesinado al individuo y tirado su cuerpo en la colonia Chapultepec, cubierto por una s\u00e1bado; hasta el momento se desconoce qui\u00e9n o qui\u00e9nes lo ultimaron.<\/p>\n\n\n\n<p>BALACERA EN ESCUELA<\/p>\n\n\n\n<p>En tanto, la noche del viernes se suscit\u00f3 una balacera en la escuela secundaria T\u00e9cnica 104 de la agencia de Donaj\u00ed, perteneciente al municipio de Mat\u00edas Romero Avenda\u00f1o, mientras se realizaba una ceremonia de clausura.<\/p>\n\n\n\n<p>Mientras un grupo musical amenizaba el cierre del ciclo escolar, entre los asistentes inici\u00f3 una ri\u00f1a, que deriv\u00f3 en disparos de arma de fuego con saldo de al menos dos personas lesionadas, que fueron trasladadas a un hospital.<\/p>\n\n\n\n<p>Ante ello, el agente municipal de Tolosa Donaj\u00ed, Seferino Garc\u00eda Ju\u00e1rez, determin\u00f3 prohibir m\u00e1s actos de clausura de cursos escolares.<\/p>\n\n\n\n<p>Hasta el momento no hay reporte de personas detenidas por efectuar disparos de arma de fuego.<\/p>\n","protected":false},"excerpt":{"rendered":"<p>Raymundo Morales\/Zona Roja. Oaxaca, Oax., a 13 de julio de 2025.- Como Ever \u201cN\u201d fue&hellip;<\/p>\n","protected":false},"author":2,"featured_media":82393,"comment_status":"closed","ping_status":"open","sticky":false,"template":"","format":"standard","meta":{"_lmt_disableupdate":"","_lmt_disable":"","_jetpack_memberships_contains_paid_content":false,"footnotes":""},"categories":[109,47],"tags":[123,228],"class_list":["post-82392","post","type-post","status-publish","format-standard","has-post-thumbnail","hentry","category-minuto-a-minuto","category-zona-gris","tag-juchitan-de-zaragoza","tag-matias-romero-avendano"],"jetpack_featured_media_url":"https:\/\/zonaroja.com.mx\/wp-content\/uploads\/2025\/07\/Secundaria-Tecnica-Tolosa-Donaji.jpg","jetpack_sharing_enabled":true,"_links":{"self":[{"href":"https:\/\/zonaroja.com.mx\/index.php?rest_route=\/wp\/v2\/posts\/82392","targetHints":{"allow":["GET"]}}],"collection":[{"href":"https:\/\/zonaroja.com.mx\/index.php?rest_route=\/wp\/v2\/posts"}],"about":[{"href":"https:\/\/zonaroja.com.mx\/index.php?rest_route=\/wp\/v2\/types\/post"}],"author":[{"embeddable":true,"href":"https:\/\/zonaroja.com.mx\/index.php?rest_route=\/wp\/v2\/users\/2"}],"replies":[{"embeddable":true,"href":"https:\/\/zonaroja.com.mx\/index.php?rest_route=%2Fwp%2Fv2%2Fcomments&post=82392"}],"version-history":[{"count":1,"href":"https:\/\/zonaroja.com.mx\/index.php?rest_route=\/wp\/v2\/posts\/82392\/revisions"}],"predecessor-version":[{"id":82394,"href":"https:\/\/zonaroja.com.mx\/index.php?rest_route=\/wp\/v2\/posts\/82392\/revisions\/82394"}],"wp:featuredmedia":[{"embeddable":true,"href":"https:\/\/zonaroja.com.mx\/index.php?rest_route=\/wp\/v2\/media\/82393"}],"wp:attachment":[{"href":"https:\/\/zonaroja.com.mx\/index.php?rest_route=%2Fwp%2Fv2%2Fmedia&parent=82392"}],"wp:term":[{"taxonomy":"category","embeddable":true,"href":"https:\/\/zonaroja.com.mx\/index.php?rest_route=%2Fwp%2Fv2%2Fcategories&post=82392"},{"taxonomy":"post_tag","embeddable":true,"href":"https:\/\/zonaroja.com.mx\/index.php?rest_route=%2Fwp%2Fv2%2Ftags&post=82392"}],"curies":[{"name":"wp","href":"https:\/\/api.w.org\/{rel}","templated":true}]}}