{"id":82397,"date":"2025-07-14T07:29:03","date_gmt":"2025-07-14T13:29:03","guid":{"rendered":"https:\/\/zonaroja.com.mx\/?p=82397"},"modified":"2025-07-14T07:29:06","modified_gmt":"2025-07-14T13:29:06","slug":"reconocen-incremento-salarial-a-policias-de-oaxaca","status":"publish","type":"post","link":"https:\/\/zonaroja.com.mx\/?p=82397","title":{"rendered":"Reconocen incremento salarial a polic\u00edas de Oaxaca"},"content":{"rendered":"\n<p>Redacci\u00f3n\/Zona Roja.&nbsp;<\/p>\n\n\n\n<p>Oaxaca, Oax., a 14 julio de 2025.- El gobierno de Oaxaca destac\u00f3 las acciones de dignificaci\u00f3n a elementos que integran el sistema estatal de seguridad p\u00fablica, como el aumento al salario base, pasando de 10 mil 801.45 pesos en 2022, a 13 mil 257.73 pesos a partir del 15 de julio de 2025.<\/p>\n\n\n\n<p>Aunado a ello, se realizaron gestiones para la contrataci\u00f3n del seguro social en la modalidad 33 del Instituto Mexicano del Seguro Social (IMSS), en beneficio de las y los jubilados y pensionados de las instituciones policiales de la Secretar\u00eda de Seguridad y Protecci\u00f3n Ciudadana (SSPC), con lo cual se garantiza la continuidad del servicio m\u00e9dico una vez se hayan jubilado.<\/p>\n\n\n\n<p>En un comunicado, la autoridad estatal inform\u00f3 que, de esta manera, integrantes de las instituciones policiales accedieron a este derecho humano a partir del 1 de julio de este a\u00f1o. En tanto, ser\u00e1 retroactivo, conforme al par\u00e1metro establecido por el IMSS.<\/p>\n\n\n\n<p>Respecto a la reforma a la Ley de Pensiones, la cual el Ejecutivo estatal, Salom\u00f3n Jara Cruz, presentar\u00e1 en el mes de agosto, los elementos policiales podr\u00e1n pensionarse a los 50 a\u00f1os de edad y 20 de servicio; las pensiones podr\u00e1n ser heredadas a sus dependientes econ\u00f3micos cuando la persona pensionada haya fallecido y se otorgar\u00e1 sin condicionar a que sea por actos de servicio.<\/p>\n\n\n\n<p>Adem\u00e1s, se incrementar\u00e1n las aportaciones del Gobierno del Estado del 3 al 21 por ciento.<\/p>\n\n\n\n<p>Expuso que con estas acciones, el Gobierno del Estado refrenda el compromiso de dignificar la labor y ahora el retiro de los cuerpos policiales desde una perspectiva humanista.<\/p>\n","protected":false},"excerpt":{"rendered":"<p>Redacci\u00f3n\/Zona Roja.&nbsp; Oaxaca, Oax., a 14 julio de 2025.- El gobierno de Oaxaca destac\u00f3 las&hellip;<\/p>\n","protected":false},"author":2,"featured_media":82207,"comment_status":"closed","ping_status":"open","sticky":false,"template":"","format":"standard","meta":{"_lmt_disableupdate":"","_lmt_disable":"","_jetpack_memberships_contains_paid_content":false,"footnotes":""},"categories":[109,46],"tags":[939],"class_list":["post-82397","post","type-post","status-publish","format-standard","has-post-thumbnail","hentry","category-minuto-a-minuto","category-zona-blanca","tag-salomon-jara-cruz"],"jetpack_featured_media_url":"https:\/\/zonaroja.com.mx\/wp-content\/uploads\/2025\/07\/Policia-Estatal-Oax-1.jpg","jetpack_sharing_enabled":true,"_links":{"self":[{"href":"https:\/\/zonaroja.com.mx\/index.php?rest_route=\/wp\/v2\/posts\/82397","targetHints":{"allow":["GET"]}}],"collection":[{"href":"https:\/\/zonaroja.com.mx\/index.php?rest_route=\/wp\/v2\/posts"}],"about":[{"href":"https:\/\/zonaroja.com.mx\/index.php?rest_route=\/wp\/v2\/types\/post"}],"author":[{"embeddable":true,"href":"https:\/\/zonaroja.com.mx\/index.php?rest_route=\/wp\/v2\/users\/2"}],"replies":[{"embeddable":true,"href":"https:\/\/zonaroja.com.mx\/index.php?rest_route=%2Fwp%2Fv2%2Fcomments&post=82397"}],"version-history":[{"count":1,"href":"https:\/\/zonaroja.com.mx\/index.php?rest_route=\/wp\/v2\/posts\/82397\/revisions"}],"predecessor-version":[{"id":82398,"href":"https:\/\/zonaroja.com.mx\/index.php?rest_route=\/wp\/v2\/posts\/82397\/revisions\/82398"}],"wp:featuredmedia":[{"embeddable":true,"href":"https:\/\/zonaroja.com.mx\/index.php?rest_route=\/wp\/v2\/media\/82207"}],"wp:attachment":[{"href":"https:\/\/zonaroja.com.mx\/index.php?rest_route=%2Fwp%2Fv2%2Fmedia&parent=82397"}],"wp:term":[{"taxonomy":"category","embeddable":true,"href":"https:\/\/zonaroja.com.mx\/index.php?rest_route=%2Fwp%2Fv2%2Fcategories&post=82397"},{"taxonomy":"post_tag","embeddable":true,"href":"https:\/\/zonaroja.com.mx\/index.php?rest_route=%2Fwp%2Fv2%2Ftags&post=82397"}],"curies":[{"name":"wp","href":"https:\/\/api.w.org\/{rel}","templated":true}]}}