{"id":82399,"date":"2025-07-14T08:15:00","date_gmt":"2025-07-14T14:15:00","guid":{"rendered":"https:\/\/zonaroja.com.mx\/?p=82399"},"modified":"2025-07-14T07:44:00","modified_gmt":"2025-07-14T13:44:00","slug":"le-gana-seccion-22-al-ieepo-e-inicia-entrega-de-mobiliario","status":"publish","type":"post","link":"https:\/\/zonaroja.com.mx\/?p=82399","title":{"rendered":"Le gana Secci\u00f3n 22 al IEEPO e inicia entrega de mobiliario"},"content":{"rendered":"\n<p>Ismael Garc\u00eda M.\/Zona Roja.<\/p>\n\n\n\n<p>Oaxaca, Oax., a 14 de julio de 2024.- Contrario a lo que debiera ser una actividad institucional, la Secci\u00f3n 22 del Sindicato Nacional de Trabajadores de la Educaci\u00f3n (SNTE) inicia este lunes con la entrega de mobiliario a las escuelas p\u00fablicas.<\/p>\n\n\n\n<p>En un comunicado firmado por Yenny Aracely P\u00e9rez Mart\u00ednez y Eutiquio Ruiz Reyes, secretaria General y secretario T\u00e9cnico de la gremial, respectivamente, anunciaron las acciones \u201cresultado de la lucha pol\u00edtica, colectiva y combativa del Movimiento Democr\u00e1tico de los Trabajadores de la Educaci\u00f3n de Oaxaca (MDTEO)\u201d.<\/p>\n\n\n\n<p>Inform\u00f3 que \u201ceste logro representa una de las demandas hist\u00f3ricas de la lucha del magisterio democr\u00e1tico, como parte del compromiso social con las comunidades y todo el pueblo de Oaxaca, por la mejora de condiciones en las escuelas p\u00fablicas de nuestro estado\u201d.<\/p>\n\n\n\n<p>La entrega se realizar\u00e1 conforme al calendario que se emitir\u00e1 a trav\u00e9s de las estructuras correspondientes de la Secci\u00f3n 22, comenzando con la regi\u00f3n de los Valles Centrales.&nbsp;<\/p>\n\n\n\n<p>\u201cPor lo que, se solicita a los secretarios generales, supervisores y directores de escuelas a mantenerse atentos a las programaciones en las distintas regiones del Estado\u201d, refiere.<\/p>\n\n\n\n<p>Indica que para la entrega de los materiales, deber\u00e1n presentar la \ufeffCredencial de Elector (INE) en original y copia; copia del nombramiento expedido por el jefe inmediato; sello oficial del centro de trabajo.<\/p>\n\n\n\n<p>\u201cEs fundamental que cada estructura sindical contribuya a que este proceso se lleve a cabo de manera organizada como caracter\u00edstica de nuestro movimiento democr\u00e1tico\u201d, destac\u00f3.<\/p>\n\n\n\n<p>Especific\u00f3 que las escuelas de la regi\u00f3n de los Valles Centrales en la primera etapa recibir\u00e1n mobiliario escolar y pizarrones en el almac\u00e9n ubicado en la Villa de Zaachila.<\/p>\n\n\n\n<p>En tanto, el Instituto Estatal de Educaci\u00f3n P\u00fablica de Oaxaca, que dirige Emilio Montero P\u00e9rez, hasta el momento no ha dado a conocer ning\u00fan calendario para el inicio de la entrega de estos materiales y mobiliario escolar.<\/p>\n","protected":false},"excerpt":{"rendered":"<p>Ismael Garc\u00eda M.\/Zona Roja. Oaxaca, Oax., a 14 de julio de 2024.- Contrario a lo&hellip;<\/p>\n","protected":false},"author":2,"featured_media":82400,"comment_status":"closed","ping_status":"open","sticky":false,"template":"","format":"standard","meta":{"_lmt_disableupdate":"","_lmt_disable":"","_jetpack_memberships_contains_paid_content":false,"footnotes":""},"categories":[109,47],"tags":[312],"class_list":["post-82399","post","type-post","status-publish","format-standard","has-post-thumbnail","hentry","category-minuto-a-minuto","category-zona-gris","tag-seccion-22-del-snte"],"jetpack_featured_media_url":"https:\/\/zonaroja.com.mx\/wp-content\/uploads\/2025\/07\/Mobiliario-escolar.jpg","jetpack_sharing_enabled":true,"_links":{"self":[{"href":"https:\/\/zonaroja.com.mx\/index.php?rest_route=\/wp\/v2\/posts\/82399","targetHints":{"allow":["GET"]}}],"collection":[{"href":"https:\/\/zonaroja.com.mx\/index.php?rest_route=\/wp\/v2\/posts"}],"about":[{"href":"https:\/\/zonaroja.com.mx\/index.php?rest_route=\/wp\/v2\/types\/post"}],"author":[{"embeddable":true,"href":"https:\/\/zonaroja.com.mx\/index.php?rest_route=\/wp\/v2\/users\/2"}],"replies":[{"embeddable":true,"href":"https:\/\/zonaroja.com.mx\/index.php?rest_route=%2Fwp%2Fv2%2Fcomments&post=82399"}],"version-history":[{"count":1,"href":"https:\/\/zonaroja.com.mx\/index.php?rest_route=\/wp\/v2\/posts\/82399\/revisions"}],"predecessor-version":[{"id":82401,"href":"https:\/\/zonaroja.com.mx\/index.php?rest_route=\/wp\/v2\/posts\/82399\/revisions\/82401"}],"wp:featuredmedia":[{"embeddable":true,"href":"https:\/\/zonaroja.com.mx\/index.php?rest_route=\/wp\/v2\/media\/82400"}],"wp:attachment":[{"href":"https:\/\/zonaroja.com.mx\/index.php?rest_route=%2Fwp%2Fv2%2Fmedia&parent=82399"}],"wp:term":[{"taxonomy":"category","embeddable":true,"href":"https:\/\/zonaroja.com.mx\/index.php?rest_route=%2Fwp%2Fv2%2Fcategories&post=82399"},{"taxonomy":"post_tag","embeddable":true,"href":"https:\/\/zonaroja.com.mx\/index.php?rest_route=%2Fwp%2Fv2%2Ftags&post=82399"}],"curies":[{"name":"wp","href":"https:\/\/api.w.org\/{rel}","templated":true}]}}