{"id":82402,"date":"2025-07-14T09:30:00","date_gmt":"2025-07-14T15:30:00","guid":{"rendered":"https:\/\/zonaroja.com.mx\/?p=82402"},"modified":"2025-07-14T08:12:41","modified_gmt":"2025-07-14T14:12:41","slug":"alfonso-durazo-y-adelfo-regino-dejan-plantados-a-indigenas-yaquis","status":"publish","type":"post","link":"https:\/\/zonaroja.com.mx\/?p=82402","title":{"rendered":"Alfonso Durazo y Adelfo Regino dejan \u201cplantados\u201d a ind\u00edgenas yaquis"},"content":{"rendered":"\n<p>Redacci\u00f3n\/Zona Roja Cdmx.<\/p>\n\n\n\n<p>Ciudad de M\u00e9xico, a 14 de julio de 2025.- El gobernador de Sonora, el morenista Alfonso Durazo Monta\u00f1o, y el titular del Instituto Nacional de los Pueblos Ind\u00edgenas (INPI), Adelfo Regino Montes, dejaron plantados ayer a un grupo de yaquis que durante la visita que realiz\u00f3 el s\u00e1bado la presidenta Claudia Sheinbaum Pardo a V\u00edcam (en el sur de ese estado), para inaugurar un hospital, pidieron a la mandataria rendici\u00f3n de cuentas en la ejecuci\u00f3n del Plan de Justicia para la etnia.<\/p>\n\n\n\n<p>Los ind\u00edgenas le solicitaron tambi\u00e9n una reuni\u00f3n con Regino Montes en la ramada tradicional del pueblo de V\u00edcam, coraz\u00f3n de la naci\u00f3n yaqui.<\/p>\n\n\n\n<p>Cuando los ind\u00edgenas rodearon a Sheinbaum Pardo para darle a conocer sus peticiones, Durazo Monta\u00f1o se acerc\u00f3 y prometi\u00f3: \u201cA ver, a ver, yo le doy seguimiento, Presidenta; yo le doy seguimiento. Ma\u00f1ana venimos Adelfo Regino y yo a las 9 de la ma\u00f1ana a V\u00edcam pueblo, ah\u00ed nos vemos, a las 9\u201d.<\/p>\n\n\n\n<p>Uno de los yaquis le revir\u00f3: \u00ad\u201c\u00bfMa\u00f1ana? \u00bfEn serio?\u201d A lo que gobernador remarc\u00f3: \u201cA las 9\u201d. Sin embargo ni el gobernador de Sonora ni el titular del INPI llegaron a dicho encuentro; los yaquis, como se pudo apreciar en videos que ellos mismos difundieron, permanecieron horas bajo la ramada esper\u00e1ndolos.<\/p>\n\n\n\n<p>\u201cNo basta con discursos\u201d<\/p>\n\n\n\n<p>Los yaquis demandan claridad en la aplicaci\u00f3n de los recursos econ\u00f3micos, as\u00ed como informaci\u00f3n detallada sobre las obras prometidas que, aseguran, no se reflejan en mejoras palpables. \u201cQueremos transparencia y que se cumpla lo que se prometi\u00f3. No basta con discursos, necesitamos ver el impacto de los recursos en nuestros pueblos\u201d, reclam\u00f3 Urbano Jusacamea, representante de la etnia, al tiempo que decenas de familias se congregaban en la ramada ceremonial de V\u00edcam Estaci\u00f3n.<\/p>\n\n\n\n<p>En lugar de acudir a la cita que el mismo convoc\u00f3, el gobernador Alfonso Durazo efectu\u00f3 ayer un recorrido de supervisi\u00f3n por la planta potabilizadora del acueducto yaqui y distintos puntos de la red de distribuci\u00f3n de agua que abastece a los ocho pueblos originarios.<\/p>\n\n\n\n<p>Acompa\u00f1ado por funcionarios del Organismo Operador del Acueducto, el mandatario reafirm\u00f3 su respaldo al Plan de Justicia y anunci\u00f3 la realizaci\u00f3n de un nuevo censo a cargo de la Comisi\u00f3n Nacional del Agua y la Comisi\u00f3n Estatal del Agua para eficientar el sistema que llega a 43 localidades.<\/p>\n\n\n\n<p>(Informaci\u00f3n de \u201cLa Jornada\u201d)<\/p>\n","protected":false},"excerpt":{"rendered":"<p>Redacci\u00f3n\/Zona Roja Cdmx. Ciudad de M\u00e9xico, a 14 de julio de 2025.- El gobernador de&hellip;<\/p>\n","protected":false},"author":2,"featured_media":82403,"comment_status":"closed","ping_status":"open","sticky":false,"template":"","format":"standard","meta":{"_lmt_disableupdate":"","_lmt_disable":"","_jetpack_memberships_contains_paid_content":false,"footnotes":""},"categories":[109,47],"tags":[557],"class_list":["post-82402","post","type-post","status-publish","format-standard","has-post-thumbnail","hentry","category-minuto-a-minuto","category-zona-gris","tag-adelfo-regino-montes"],"jetpack_featured_media_url":"https:\/\/zonaroja.com.mx\/wp-content\/uploads\/2025\/07\/Alfonso-Durazo-y-Adelfo-Regino.jpg","jetpack_sharing_enabled":true,"_links":{"self":[{"href":"https:\/\/zonaroja.com.mx\/index.php?rest_route=\/wp\/v2\/posts\/82402","targetHints":{"allow":["GET"]}}],"collection":[{"href":"https:\/\/zonaroja.com.mx\/index.php?rest_route=\/wp\/v2\/posts"}],"about":[{"href":"https:\/\/zonaroja.com.mx\/index.php?rest_route=\/wp\/v2\/types\/post"}],"author":[{"embeddable":true,"href":"https:\/\/zonaroja.com.mx\/index.php?rest_route=\/wp\/v2\/users\/2"}],"replies":[{"embeddable":true,"href":"https:\/\/zonaroja.com.mx\/index.php?rest_route=%2Fwp%2Fv2%2Fcomments&post=82402"}],"version-history":[{"count":1,"href":"https:\/\/zonaroja.com.mx\/index.php?rest_route=\/wp\/v2\/posts\/82402\/revisions"}],"predecessor-version":[{"id":82404,"href":"https:\/\/zonaroja.com.mx\/index.php?rest_route=\/wp\/v2\/posts\/82402\/revisions\/82404"}],"wp:featuredmedia":[{"embeddable":true,"href":"https:\/\/zonaroja.com.mx\/index.php?rest_route=\/wp\/v2\/media\/82403"}],"wp:attachment":[{"href":"https:\/\/zonaroja.com.mx\/index.php?rest_route=%2Fwp%2Fv2%2Fmedia&parent=82402"}],"wp:term":[{"taxonomy":"category","embeddable":true,"href":"https:\/\/zonaroja.com.mx\/index.php?rest_route=%2Fwp%2Fv2%2Fcategories&post=82402"},{"taxonomy":"post_tag","embeddable":true,"href":"https:\/\/zonaroja.com.mx\/index.php?rest_route=%2Fwp%2Fv2%2Ftags&post=82402"}],"curies":[{"name":"wp","href":"https:\/\/api.w.org\/{rel}","templated":true}]}}