{"id":82405,"date":"2025-07-14T12:23:00","date_gmt":"2025-07-14T18:23:00","guid":{"rendered":"https:\/\/zonaroja.com.mx\/?p=82405"},"modified":"2025-07-14T08:26:26","modified_gmt":"2025-07-14T14:26:26","slug":"musicas-cortometraje-que-visibiliza-a-las-mujeres-del-viento-florido","status":"publish","type":"post","link":"https:\/\/zonaroja.com.mx\/?p=82405","title":{"rendered":"\u00abM\u00fasicas\u00bb, cortometraje que visibiliza a las \u201cMujeres del Viento Florido\u201d"},"content":{"rendered":"\n<p>Lisbeth Mej\u00eda Reyes\/Zona Roja.<\/p>\n\n\n\n<p>Oaxaca, Oax., a 14 de julio de 2025.- La m\u00fasica es parte de sus ra\u00edces, de sus vidas en comunidad y lo que las ha unido a trav\u00e9s de una agrupaci\u00f3n. Ahora es tambi\u00e9n el motivo por el que sus historias llegaron a la pantalla grande. En \u00abM\u00fasicas\u00bb, el cortometraje de la cineasta Lila Avil\u00e9s, las \u201cMujeres del Viento Florido\u201d, son las protagonistas.<\/p>\n\n\n\n<p>En voz de las trompetistas Mar\u00eda Taj\u00eb\u00ebw, Flor Yoselin, Andrea Nataly, Virgen L\u00f3pez y Estrella Adaluz, as\u00ed como la directora Leticia Gallardo, el cortometraje muestra la historia de la banda regional que surgi\u00f3 en el a\u00f1o 2009 en Santa Mar\u00eda Tlahuitoltepec, en la sierra mixe de Oaxaca.<\/p>\n\n\n\n<p>Junto a sus instrumentos, tambi\u00e9n nos cuentan de sus sue\u00f1os, de lo que representa para ellas la m\u00fasica. \u00abConocer a estas chicas dentro de lo que piensan, aparte de lo musical, llega a inspirar mucho a otras mujeres\u00bb, dice Gallardo, fundadora de la banda regional \u201cMujeres del Viento Florido\u201d, sobre la pel\u00edcula que se estren\u00f3 en febrero en el \u201cDoc Fortnight 2025 MoMA&#8217;s: Festival of International Nonfiction Film and Media\u201d del MoMA (The Museum of Modern Art), en New York.<\/p>\n\n\n\n<p>El cortometraje \u00abM\u00fasicas\u00bb tambi\u00e9n tuvo su estreno nacional en la reciente edici\u00f3n del Festival Internacional de Cine en Guadalajara, en junio.<\/p>\n\n\n\n<p>La pel\u00edcula de Lila Avil\u00e9s representa mucho para Gallardo, directora mixe, y para la agrupaci\u00f3n, en la que est\u00e1n decenas de mujeres de todo el estado de Oaxaca.<\/p>\n\n\n\n<p>\u00abUno es visibilizar el trabajo de las compa\u00f1eras m\u00fasicos, quienes en diferentes generaciones est\u00e1n participando en el quehacer musical, desde que est\u00e1n integrando una banda, que hoy en d\u00eda son maestras de m\u00fasica, otras ya empiezan a componer, a ser directoras, formadoras de bandas\u00bb.<\/p>\n\n\n\n<p>En entrevista, Gallardo cuenta que este cortometraje reconoce y visibiliza el trabajo de la agrupaci\u00f3n, en la que \u00abhay mujeres que estamos aportando, formando y desarrollando lo que son nuestras vivencias en las comunidades, sobre todo en la m\u00fasica tradicional es algo muy importante\u00bb.<\/p>\n\n\n\n<p>El que la cineasta mexicana haya volteado a ver el trabajo de las ni\u00f1as, j\u00f3venes y maestras de la banda es tambi\u00e9n una forma de darles m\u00e1s confianza, un acompa\u00f1amiento desde el cine \u00abpara poder dar a conocer el trabajo a otros contextos y lugares donde poco se sabe de lo que estamos haciendo. Y, musicalmente, compartir lo que sabemos hacer, que la gente sepa que hay una banda que est\u00e1 llevando la m\u00fasica tradicional a diversos espacios. Justo ese es nuestro inter\u00e9s: participar de manera activa en nuestras comunidades\u00bb.<\/p>\n\n\n\n<p>Desde la sierra mixe, Gallardo resalta que es tambi\u00e9n una manera de observar la trayectoria de la agrupaci\u00f3n y de las mujeres que la han hecho posible, de ver que el trabajo de todas da frutos. \u00abNos damos cuenta que lo que estamos haciendo es v\u00e1lido, vamos por buen camino, a pesar de todas las dificultades que hemos presentado\u00bb, apunta la directora de la banda que en 2022 lanz\u00f3 con Vivir Quintana una versi\u00f3n de \u00abCanci\u00f3n sin Miedo\u00bb y tambi\u00e9n se ha presentado junto a la cantante Mon Laferte.<\/p>\n","protected":false},"excerpt":{"rendered":"<p>Lisbeth Mej\u00eda Reyes\/Zona Roja. Oaxaca, Oax., a 14 de julio de 2025.- La m\u00fasica es&hellip;<\/p>\n","protected":false},"author":2,"featured_media":82406,"comment_status":"closed","ping_status":"open","sticky":false,"template":"","format":"standard","meta":{"_lmt_disableupdate":"","_lmt_disable":"","_jetpack_memberships_contains_paid_content":false,"footnotes":""},"categories":[109,46],"tags":[2741],"class_list":["post-82405","post","type-post","status-publish","format-standard","has-post-thumbnail","hentry","category-minuto-a-minuto","category-zona-blanca","tag-banda-mujeres-del-viento-florido"],"jetpack_featured_media_url":"https:\/\/zonaroja.com.mx\/wp-content\/uploads\/2025\/07\/Banda-mujeres-del-viento-florido.jpg","jetpack_sharing_enabled":true,"_links":{"self":[{"href":"https:\/\/zonaroja.com.mx\/index.php?rest_route=\/wp\/v2\/posts\/82405","targetHints":{"allow":["GET"]}}],"collection":[{"href":"https:\/\/zonaroja.com.mx\/index.php?rest_route=\/wp\/v2\/posts"}],"about":[{"href":"https:\/\/zonaroja.com.mx\/index.php?rest_route=\/wp\/v2\/types\/post"}],"author":[{"embeddable":true,"href":"https:\/\/zonaroja.com.mx\/index.php?rest_route=\/wp\/v2\/users\/2"}],"replies":[{"embeddable":true,"href":"https:\/\/zonaroja.com.mx\/index.php?rest_route=%2Fwp%2Fv2%2Fcomments&post=82405"}],"version-history":[{"count":1,"href":"https:\/\/zonaroja.com.mx\/index.php?rest_route=\/wp\/v2\/posts\/82405\/revisions"}],"predecessor-version":[{"id":82407,"href":"https:\/\/zonaroja.com.mx\/index.php?rest_route=\/wp\/v2\/posts\/82405\/revisions\/82407"}],"wp:featuredmedia":[{"embeddable":true,"href":"https:\/\/zonaroja.com.mx\/index.php?rest_route=\/wp\/v2\/media\/82406"}],"wp:attachment":[{"href":"https:\/\/zonaroja.com.mx\/index.php?rest_route=%2Fwp%2Fv2%2Fmedia&parent=82405"}],"wp:term":[{"taxonomy":"category","embeddable":true,"href":"https:\/\/zonaroja.com.mx\/index.php?rest_route=%2Fwp%2Fv2%2Fcategories&post=82405"},{"taxonomy":"post_tag","embeddable":true,"href":"https:\/\/zonaroja.com.mx\/index.php?rest_route=%2Fwp%2Fv2%2Ftags&post=82405"}],"curies":[{"name":"wp","href":"https:\/\/api.w.org\/{rel}","templated":true}]}}