{"id":82410,"date":"2025-07-14T10:15:00","date_gmt":"2025-07-14T16:15:00","guid":{"rendered":"https:\/\/zonaroja.com.mx\/?p=82410"},"modified":"2025-07-14T10:47:03","modified_gmt":"2025-07-14T16:47:03","slug":"opinion-turistificacion-gentrificacion-quien-gana-y-quien-pierde","status":"publish","type":"post","link":"https:\/\/zonaroja.com.mx\/?p=82410","title":{"rendered":"Opini\u00f3n. Turistificaci\u00f3n, gentrificaci\u00f3n\u2026 \u00bfqui\u00e9n gana y qui\u00e9n pierde?"},"content":{"rendered":"\n<p>Ismael Garc\u00eda M.\/Zona Roja.<\/p>\n\n\n\n<p>Oaxaca, Oax., a 14 de julio de 2025.- Dice la Real Academia de la Lengua Espa\u00f1ola que gentrificaci\u00f3n es el \u201cProceso de renovaci\u00f3n de una zona urbana, generalmente popular o deteriorada, que implica el desplazamiento de su poblaci\u00f3n original por parte de otra de un mayor poder adquisitivo\u201d.<\/p>\n\n\n\n<p>Dice la tan consultada do\u00f1a Google que gentrificaci\u00f3n es: \u201cla transformaci\u00f3n de un espacio urbano deteriorado o modesto, en un \u00e1rea m\u00e1s adinerada y elegante tras la llegada de personas con mayor poder adquisitivo a la zona, lo cual puede causar el desplazamiento de los residentes originales, ya que los precios de la vivienda, el alquiler y de los bienes y servicios de la zona aumentan significativamente.<\/p>\n\n\n\n<p>\u201cA su vez puede derivar de nuevos planes de intervenci\u00f3n urbana y arquitect\u00f3nica dados por entes tanto p\u00fablicos como privados que buscan impulsar el crecimiento del mercado en la zona de influencia\u201d.<\/p>\n\n\n\n<p>Tambi\u00e9n refiere que es \u201cla construcci\u00f3n de centros comerciales o tiendas pertenecientes a grandes cadenas, relegando a los peque\u00f1os negocios. La gentrificaci\u00f3n, tras realizar los cambios f\u00edsicos arquitect\u00f3nicos y urban\u00edsticos, puede llegar a generar una transformaci\u00f3n en la conformaci\u00f3n de la poblaci\u00f3n, caracterizada por el desplazamiento de habitantes hist\u00f3ricamente propios del sitio, una poblaci\u00f3n con mayores recursos econ\u00f3micos\u201d.<\/p>\n\n\n\n<p>\u00bfY qu\u00e9 con la turistificaci\u00f3n? Es un t\u00e9rmino m\u00e1s moderno, m\u00e1s reciente, y los conocedores coinciden en que es un proceso mediante el cual un lugar se transforma en un espacio principalmente enfocado en el turismo, a menudo a expensas de la poblaci\u00f3n local y su cultura. Este fen\u00f3meno puede llevar a cambios en la econom\u00eda, el paisaje urbano y la vida social de un \u00e1rea, con implicaciones tanto positivas como negativas.&nbsp;<\/p>\n\n\n\n<p>Como sea, \u00bfa qui\u00e9n beneficia o a qui\u00e9n perjudica? Ambos fen\u00f3menos los vive la ciudad de Oaxaca, capital del estado, y tarde o temprano tendr\u00edan que presentarse.<\/p>\n\n\n\n<p>Muy exagerado ser\u00eda decir que la ciudad \u201csufre\u201d ambas situaciones; m\u00e1s bien, \u00bfqui\u00e9n las sufre? Porque es un hecho que nadie est\u00e1 siendo corrido por la fuerza de su domicilio en el centro de la ciudad de Oaxaca o de zonas de alta afluencia tur\u00edstica. <\/p>\n\n\n\n<p>Y debemos preguntarnos \u00bfqueremos o no turistas? \u00bfQueremos o no queremos ingresos, ganancias? En todo caso, \u00bfa qui\u00e9n le corresponde aplicar normas para que haya un equilibrio? Efectivamente, es un asunto pol\u00e9mico.<\/p>\n\n\n\n<p>CASO CDMX<\/p>\n\n\n\n<p>En Europa ya habido expresiones de inconformidad en muchas ciudades, por el exceso de turistas, como sucedi\u00f3 en Barcelona, en junio pasado, bajo el grito de \u201cun turista m\u00e1s, un residente menos\u201d; hubo manifestaciones tambi\u00e9n en Granada, San Sebasti\u00e1n, Ibiza, Mallorca y Venecia.<\/p>\n\n\n\n<p>En Mallorca, unas cinco mil personas se congregaron en la mayor manifestaci\u00f3n del d\u00eda, incluso echaron agua a visitantes; asimismo, hubo protestas en Venecia, Italia, y Lisboa, Portugal.<\/p>\n\n\n\n<p>En la ciudad de M\u00e9xico, apenas el pasado 4 de julio, justo el d\u00eda de la independencia de los Estados Unidos, hubo una movilizaci\u00f3n que deriv\u00f3 en actos vand\u00e1licos y expresiones racistas.<\/p>\n\n\n\n<p>Y tras ello devino adem\u00e1s en un cruce de acusaciones de tinte partidista; la discusi\u00f3n subi\u00f3 de tono con la agresi\u00f3n al creador de contenidos en redes sociales, \u201cLuisito Comunica\u201d.<\/p>\n\n\n\n<p>En realidad poco positiva la discusi\u00f3n sobre el tema en una urbe con m\u00e1s de 20 millones de personas, tanto en la Ciudad de M\u00e9xico, como en su zona Metropolitana y que, a nuestra consideraci\u00f3n, es pr\u00e1cticamente imposible frenar el desarrollo comercial y tur\u00edstico, que no es de a\u00f1os recientes, sino incluso de d\u00e9cadas.<\/p>\n\n\n\n<p>En la capital del pa\u00eds, recientemente se han tomado algunas medidas: desde abril de 2024, los anfitriones de Airbnb, Booking y de otras plataformas deben inscribirse en el Registro de Anfitriones de la Secretar\u00eda de Turismo de la Ciudad de M\u00e9xico, as\u00ed como en el Registro de Plataformas.&nbsp;<\/p>\n\n\n\n<p>Tambi\u00e9n deben reportar semestralmente la ocupaci\u00f3n. Asimismo, se prohibi\u00f3 registrar como Airbnb las viviendas de inter\u00e9s social o las que fueron reconstruidas con fondos p\u00fablicos tras el sismo de septiembre de 2017.<\/p>\n\n\n\n<p>Para reforzar estas medidas, en octubre de 2024 se aprob\u00f3 una reforma limitando a 180 noches (50% del a\u00f1o) la renta de viviendas a trav\u00e9s de plataformas.&nbsp;<\/p>\n\n\n\n<p>Con ello se busca limitar la proliferaci\u00f3n de este tipo de alquileres que terminan por desplazar a la poblaci\u00f3n local. No obstante, los due\u00f1os y representantes de Airbnb se ampararon, pues rechazan estas medidas (<a href=\"http:\/\/albasud.org\">albasud.org<\/a>).<\/p>\n\n\n\n<p>Por lo pronto, para el pr\u00f3ximo domingo est\u00e1 programada en la Cdmx otra marcha contra la gentrificaci\u00f3n, pero hasta ahora no hay una discusi\u00f3n sana, real, de nivel, para descifrar este fen\u00f3meno y en consecuencia tomar acciones.<\/p>\n\n\n\n<p>EN OAXACA<\/p>\n\n\n\n<p>En la ciudad de Oaxaca es donde se ve un mayor desplazamiento de zonas habitacionales por espacios tur\u00edsticos; de hecho, ocurre desde hace por lo menos una d\u00e9cada y no parece tener freno.<\/p>\n\n\n\n<p>En el Centro Hist\u00f3rico pr\u00e1cticamente ya no hay viviendas y la mayor\u00eda de las casas antiguas han sido adaptadas para centros de hospedaje, de alta gama o de renta temporal como es Airbnb.<\/p>\n\n\n\n<p>La misma situaci\u00f3n ocurre en los barrios de San Mat\u00edas Jalatlaco y Santo Tom\u00e1s Xochimilco, con mayor identidad tradicional pero que por ello han sido preferidos por los turistas, muchos de los cuales optan por residir de manera permanente o temporal por varios meses.<\/p>\n\n\n\n<p>En el caso del comercio, tambi\u00e9n hay un auge de bares, caf\u00e9s y restaurantes, en que acuden en su mayor n\u00famero personas visitantes, for\u00e1neas o extranjeras.<\/p>\n\n\n\n<p>Ello, por supuesto, ha originado el incremento excesivo de precios en el hospedaje y en los alimentos.<\/p>\n\n\n\n<p>No hay tanto, en cambio, construcci\u00f3n de edificios o centros comerciales, en el centro y en la zona metropolitana.&nbsp;<\/p>\n\n\n\n<p>Apenas la semana pasada, a ra\u00edz de la manifestaci\u00f3n en la Cdmx, en la capital oaxaque\u00f1a hubo una conferencia de prensa de un grupo de personas que se dicen representantes de organismos de la sociedad civil, para dar a conocer un encuentro, del 16 al 21 de julio, donde se debatir\u00e1 el tema de la gentrificaci\u00f3n y cuya sede ser\u00e1 el municipio de Santa Mar\u00eda Atzompa.<\/p>\n\n\n\n<p>Integrantes de colectivos como Radical, la Miscel\u00e1nea Oaxaque\u00f1a y la Asamblea de los Pueblos Ind\u00edgenas del Istmo en Defensa de la Tierra y del Territorio, acusaron al gobierno porque no ha asumido su responsabilidad en estos procesos sino que \u201cha optado por deslegitimar la protesta ciudadana acus\u00e1ndola de xenofobia o discriminaci\u00f3n hacia personas extranjeras\u201d.&nbsp;<\/p>\n\n\n\n<p>El modelo de turistificaci\u00f3n en el estado de Oaxaca, externaron, no est\u00e1 sirviendo para las y los oaxaque\u00f1os sino se queda en manos de inversionistas, empresas hoteleras, revistas de viaje, aerol\u00edneas, etc\u00e9tera, pero no en el estado.<\/p>\n\n\n\n<p>Aunque en la conferencia no hubo propuestas para frenar esos fen\u00f3menos, esperemos que durante su foro los haya.<\/p>\n\n\n\n<p>\u00bfQU\u00c9 HACEMOS?<\/p>\n\n\n\n<p>Evidentemente que no hay forma de parar la gentrificaci\u00f3n y la turistificaci\u00f3n, principalmente por que son fuente de empleos y de ingreso, primero para los inversionistas y luego para la poblaci\u00f3n laboral.<\/p>\n\n\n\n<p>Evidentemente que seguir\u00e1n creciendo los comercios y los centros de hospedaje para dar mayor cabida a un cada vez mayor n\u00famero de visitantes.<\/p>\n\n\n\n<p>En lo que no estamos de acuerdo es que los restaurantes de lujo, con o sin estrellas Michelin, se han apropiado de la comida tradicional y mientras m\u00e1s \u201caut\u00f3ctona\u201d, m\u00e1s cara.<\/p>\n\n\n\n<p>Unas memelas y una bebida no rebasan los cien pesos en cualquier local o comedor de la ciudad, pero en esos sitios exclusivos, el costo puede ascender hasta a 500 pesos.<\/p>\n\n\n\n<p>Lo que s\u00ed deber\u00eda haber es una mayor regulaci\u00f3n, por parte del Gobierno del Estado y de la autoridad municipal, en este caso de Oaxaca de Ju\u00e1rez.<\/p>\n\n\n\n<p>Nadie est\u00e1 obligando, con un arma o de cualquier otra forma, a los due\u00f1os de viviendas en el centro de la ciudad, a vender o rentar su propiedad para fines tur\u00edsticos o comerciales. En todo caso es una negociaci\u00f3n, pero nada a la fuerza.<\/p>\n\n\n\n<p>Tambi\u00e9n nadie nos obliga como oaxaque\u00f1os a consumir en dichos restaurantes o caf\u00e9s de lujos para turistas; pero s\u00ed a denunciar a quienes de manera tradicional han vendido dichos productos y que de la noche a la ma\u00f1ana incrementan sus precios, sin justificaci\u00f3n. Claro, ah\u00ed deber\u00e1 entrar la autoridad respectiva para actuar ante denuncias.<\/p>\n\n\n\n<p>Tampoco las personas que decidieron vender o rentar sus inmuebles en el centro est\u00e1n viviendo un desplazamiento a otros lados, pues son de alto poder adquisitivo y lo hicieron por su voluntad. <\/p>\n\n\n\n<p>Finalmente repetimos la pregunta, \u00bfqueremos o no queremos que vengan m\u00e1s turistas? \u00bfQueremos que haya derrama econ\u00f3mica, aunque sea por temporadas, como en la Guelaguetza? O de plano no necesitamos de los visitantes.<\/p>\n","protected":false},"excerpt":{"rendered":"<p>Ismael Garc\u00eda M.\/Zona Roja. Oaxaca, Oax., a 14 de julio de 2025.- Dice la Real&hellip;<\/p>\n","protected":false},"author":2,"featured_media":67764,"comment_status":"closed","ping_status":"open","sticky":false,"template":"","format":"standard","meta":{"_lmt_disableupdate":"","_lmt_disable":"","_jetpack_memberships_contains_paid_content":false,"footnotes":""},"categories":[456,109,48],"tags":[1353],"class_list":["post-82410","post","type-post","status-publish","format-standard","has-post-thumbnail","hentry","category-columna","category-minuto-a-minuto","category-zona-critica","tag-opinion-zona-critica"],"jetpack_featured_media_url":"https:\/\/zonaroja.com.mx\/wp-content\/uploads\/2024\/04\/Opinion-Zona-Roja-Ismael-Garcia.jpg","jetpack_sharing_enabled":true,"_links":{"self":[{"href":"https:\/\/zonaroja.com.mx\/index.php?rest_route=\/wp\/v2\/posts\/82410","targetHints":{"allow":["GET"]}}],"collection":[{"href":"https:\/\/zonaroja.com.mx\/index.php?rest_route=\/wp\/v2\/posts"}],"about":[{"href":"https:\/\/zonaroja.com.mx\/index.php?rest_route=\/wp\/v2\/types\/post"}],"author":[{"embeddable":true,"href":"https:\/\/zonaroja.com.mx\/index.php?rest_route=\/wp\/v2\/users\/2"}],"replies":[{"embeddable":true,"href":"https:\/\/zonaroja.com.mx\/index.php?rest_route=%2Fwp%2Fv2%2Fcomments&post=82410"}],"version-history":[{"count":2,"href":"https:\/\/zonaroja.com.mx\/index.php?rest_route=\/wp\/v2\/posts\/82410\/revisions"}],"predecessor-version":[{"id":82412,"href":"https:\/\/zonaroja.com.mx\/index.php?rest_route=\/wp\/v2\/posts\/82410\/revisions\/82412"}],"wp:featuredmedia":[{"embeddable":true,"href":"https:\/\/zonaroja.com.mx\/index.php?rest_route=\/wp\/v2\/media\/67764"}],"wp:attachment":[{"href":"https:\/\/zonaroja.com.mx\/index.php?rest_route=%2Fwp%2Fv2%2Fmedia&parent=82410"}],"wp:term":[{"taxonomy":"category","embeddable":true,"href":"https:\/\/zonaroja.com.mx\/index.php?rest_route=%2Fwp%2Fv2%2Fcategories&post=82410"},{"taxonomy":"post_tag","embeddable":true,"href":"https:\/\/zonaroja.com.mx\/index.php?rest_route=%2Fwp%2Fv2%2Ftags&post=82410"}],"curies":[{"name":"wp","href":"https:\/\/api.w.org\/{rel}","templated":true}]}}