{"id":82416,"date":"2025-07-14T18:16:58","date_gmt":"2025-07-15T00:16:58","guid":{"rendered":"https:\/\/zonaroja.com.mx\/?p=82416"},"modified":"2025-07-14T18:17:01","modified_gmt":"2025-07-15T00:17:01","slug":"alistan-expo-artesanal-de-alebrijes-en-arrazola-xoxocotlan","status":"publish","type":"post","link":"https:\/\/zonaroja.com.mx\/?p=82416","title":{"rendered":"Alistan Expo Artesanal de Alebrijes, en Arrazola, Xoxocotl\u00e1n"},"content":{"rendered":"\n<p>Redacci\u00f3n\/Zona Roja.<\/p>\n\n\n\n<p>Oaxaca, Oax., a 14 de julio de 2025. Del 19 de julio y hasta el 3 de agosto, el color, la historia y la creatividad se dan cita en San Antonio Arrazola con la Expo Artesanal de Alebrijes 2025, localidad ubicada al suroeste del centro del municipio de Santa Cruz Xoxocotl\u00e1n.&nbsp;<\/p>\n\n\n\n<p>Este emblem\u00e1tico evento, instalado en el andador tur\u00edstico de este pueblo, ofrece una experiencia cultural \u00fanica para turistas locales, nacionales e internacionales, que podr\u00e1n admirar a m\u00e1s de 30 familias artesanas trabajando la madera de copal y pintando a mano cada detalle.&nbsp;<\/p>\n\n\n\n<p>Conocer Arrazola es sumergirse en el origen de los alebrijes maderables: piezas vibrantes que combinan elementos reales e imaginarios, herederas de una tradici\u00f3n que naci\u00f3 sin grandes academias, sino del ingenio y la pr\u00e1ctica comunitaria.&nbsp;<\/p>\n\n\n\n<p>Aqu\u00ed, cada figura es un relato en movimiento, tallado con paciencia y pasi\u00f3n, donde la madera cobra vida.<\/p>\n\n\n\n<p>La feria es m\u00e1s que venta: es la oportunidad para observar en vivo el proceso artesanal, desde el corte del copal y su secado, hasta el lijado, la pintura de base y los finales m\u00e1s delicados.&nbsp;<\/p>\n\n\n\n<p>Adem\u00e1s, ofrece un v\u00ednculo directo con los creadores que llevan consigo la memoria ancestral de su oficio.&nbsp;<\/p>\n\n\n\n<p>\u00bfBuscas un destino aut\u00e9ntico en esta temporada de Guelaguetza? Visita Arrazola, conoce a sus artesanas y artesanos, ad\u00e9ntrate en su cosmovisi\u00f3n y ll\u00e9vate un alebrije que es mucho m\u00e1s que arte: es alma, cultura y tradici\u00f3n viva del estado de Oaxaca .<\/p>\n","protected":false},"excerpt":{"rendered":"<p>Redacci\u00f3n\/Zona Roja. Oaxaca, Oax., a 14 de julio de 2025. Del 19 de julio y&hellip;<\/p>\n","protected":false},"author":2,"featured_media":82417,"comment_status":"closed","ping_status":"open","sticky":false,"template":"","format":"standard","meta":{"_lmt_disableupdate":"","_lmt_disable":"","_jetpack_memberships_contains_paid_content":false,"footnotes":""},"categories":[109,46],"tags":[4358],"class_list":["post-82416","post","type-post","status-publish","format-standard","has-post-thumbnail","hentry","category-minuto-a-minuto","category-zona-blanca","tag-san-antonio-arrazola"],"jetpack_featured_media_url":"https:\/\/zonaroja.com.mx\/wp-content\/uploads\/2025\/07\/Albrijies-Arrazola-Xoxocotlan.jpeg.webp","jetpack_sharing_enabled":true,"_links":{"self":[{"href":"https:\/\/zonaroja.com.mx\/index.php?rest_route=\/wp\/v2\/posts\/82416","targetHints":{"allow":["GET"]}}],"collection":[{"href":"https:\/\/zonaroja.com.mx\/index.php?rest_route=\/wp\/v2\/posts"}],"about":[{"href":"https:\/\/zonaroja.com.mx\/index.php?rest_route=\/wp\/v2\/types\/post"}],"author":[{"embeddable":true,"href":"https:\/\/zonaroja.com.mx\/index.php?rest_route=\/wp\/v2\/users\/2"}],"replies":[{"embeddable":true,"href":"https:\/\/zonaroja.com.mx\/index.php?rest_route=%2Fwp%2Fv2%2Fcomments&post=82416"}],"version-history":[{"count":1,"href":"https:\/\/zonaroja.com.mx\/index.php?rest_route=\/wp\/v2\/posts\/82416\/revisions"}],"predecessor-version":[{"id":82418,"href":"https:\/\/zonaroja.com.mx\/index.php?rest_route=\/wp\/v2\/posts\/82416\/revisions\/82418"}],"wp:featuredmedia":[{"embeddable":true,"href":"https:\/\/zonaroja.com.mx\/index.php?rest_route=\/wp\/v2\/media\/82417"}],"wp:attachment":[{"href":"https:\/\/zonaroja.com.mx\/index.php?rest_route=%2Fwp%2Fv2%2Fmedia&parent=82416"}],"wp:term":[{"taxonomy":"category","embeddable":true,"href":"https:\/\/zonaroja.com.mx\/index.php?rest_route=%2Fwp%2Fv2%2Fcategories&post=82416"},{"taxonomy":"post_tag","embeddable":true,"href":"https:\/\/zonaroja.com.mx\/index.php?rest_route=%2Fwp%2Fv2%2Ftags&post=82416"}],"curies":[{"name":"wp","href":"https:\/\/api.w.org\/{rel}","templated":true}]}}