{"id":8242,"date":"2020-01-31T07:30:11","date_gmt":"2020-01-31T13:30:11","guid":{"rendered":"http:\/\/www.zonaroja.com.mx\/?p=8242"},"modified":"2020-01-31T07:30:14","modified_gmt":"2020-01-31T13:30:14","slug":"robo-con-violencia-unica-acusacion-contra-edil-de-yaitepec-no-amerita-prision-preventiva","status":"publish","type":"post","link":"https:\/\/zonaroja.com.mx\/?p=8242","title":{"rendered":"Robo con violencia, \u00fanica acusaci\u00f3n contra edil de Yaitepec; no amerita prisi\u00f3n preventiva"},"content":{"rendered":"\n<p>Redacci\u00f3n\/Zona Roja.<\/p>\n\n\n\n<p>Oaxaca de Ju\u00e1rez, Oax., 31 de enero de\n2020.- La Fiscal\u00eda General del Estado de Oaxaca confirm\u00f3 la aprehensi\u00f3n ayer del\npresidente municipal de Santiago Yaitepec, Roberto Salinas Santiago; sin\nembargo, precis\u00f3 que s\u00f3lo es por el delito de violencia moral a las personas.<\/p>\n\n\n\n<p>En un comunicado, inform\u00f3 que logr\u00f3\ndeterminar la probable responsabilidad del imputado, por lo cual dio\ncumplimiento a la orden de aprehensi\u00f3n efectuada en la regi\u00f3n de Valles\nCentrales, asentada en la causa penal 558\/2019.<\/p>\n\n\n\n<p>En ella, al edil, que tom\u00f3 posesi\u00f3n del\ncargo el pasado 1 de enero, se le se\u00f1ala el delito de robo con violencia en\nagravio de P. A. C., P. Z. C., A. G. S., J. L. V. G. D. y L. S. cometido en\nnoviembre de 2019, en la zona conocida como \u201cEl Pedimento\u201d, de Santa Catarina\nJquila.<\/p>\n\n\n\n<p>\u201cLa detenci\u00f3n del mun\u00edcipe la\nefectuaron integrantes de la Agencia Estatal de Investigaciones este 30 de\nenero de 2020 y ser\u00e1 presentado ante la autoridad judicial, la cual determinar\u00e1\nsu situaci\u00f3n jur\u00eddica en las pr\u00f3ximas horas\u201d, precis\u00f2.<\/p>\n\n\n\n<p>ACTO RUIN<\/p>\n\n\n\n<p>Sin embargo, el consejo comunitario de\nYaitepec calific\u00f3 la detenci\u00f3n como \u201cactos ruines y perversos que responden a\nlos intereses de Juquila y que ha utilizado al gobierno estatal para encarcelar\ny asesinar a las personas fuera de todo procedimiento Judicial\u201d.<\/p>\n\n\n\n<p>En un comunicado, indic\u00f3 que adem\u00e1s \u201cse\npresta a los intereses de los caciques de Juquila&nbsp; y pol\u00edticos coludidos con el narcotr\u00e1fico,\nimputando delitos fabricados desde el escritorio;&nbsp; desde el momento de su detenci\u00f3n que fue de\nmanera forzada, dej\u00e1ndolo incomunicado, sin derecho a que se comunicara con\nning\u00fan familiar o abogado.<\/p>\n\n\n\n<p>\u201cAdem\u00e1s de no saber de su paradero en\nal menos cinco horas, tiempo suficiente para fabricar una carpeta de\ninvestigaci\u00f3n falsa, a modo y perversa, aduciendo que existe una causa penal y\nhacen menci\u00f3n de un expediente, supuestamente por los delitos de robo con\nviolencia moral cuesti\u00f3n que no amerita prisi\u00f3n preventiva oficiosa\u201d,\nprecisaron.&nbsp; <\/p>\n\n\n\n<p>\u201cEsto nos da a entender que el\nGobernador del Estado, Alejandro Murat Hinojosa, en coordinaci\u00f3n con el Fiscal\nGeneral del Estado Rub\u00e9n Vasconcelos M\u00e9ndez; fabrica delitos para cumplirle los\ncaprichos de narcotraficantes, pol\u00edticos y caciques de Juquila, todo eso para\nreprimir el pueblo ind\u00edgena de Santiago Yaitepec\u201d, remarc\u00f3.<\/p>\n\n\n\n<p>A\u00f1adi\u00f3 que el 18 de diciembre pasado promovieron\ndiversos amparos a favor del presidente municipal, los cuales la autoridad federal\nrequiri\u00f3 para que remitieran informes justificados las autoridades responsables\ny ejecutoras.<\/p>\n\n\n\n<p>\u201cEn especial del Juez de Control de la\nVicefiscalia de la Costa con residencia en Puerto Escondido, en la cual no se\nadvierte de ninguna orden de aprensi\u00f3n,&nbsp;\npor lo que negaron categ\u00f3ricamente el acto reclamado&nbsp; (orden de aprensi\u00f3n, desaparici\u00f3n forzada,\ntortura e incomunicaci\u00f3n y ejecuci\u00f3n extrajudicial), por consecuencia es\nnotorio que la causa penal que se le imputa es maquinada por instrucciones del\nGobernador del Estado\u201d.<\/p>\n\n\n\n<p>Hasta el momento se mantiene el bloqueo\npor parte de Yaitepec hacia Santa Catarina Juquila, en inmediaciones del paraje\n\u201cR\u00edo Manteca\u201d.<\/p>\n","protected":false},"excerpt":{"rendered":"<p>Redacci\u00f3n\/Zona Roja. Oaxaca de Ju\u00e1rez, Oax., 31 de enero de 2020.- La Fiscal\u00eda General del&hellip;<\/p>\n","protected":false},"author":2,"featured_media":8243,"comment_status":"closed","ping_status":"open","sticky":false,"template":"","format":"standard","meta":{"_lmt_disableupdate":"","_lmt_disable":"","_jetpack_memberships_contains_paid_content":false,"footnotes":""},"categories":[109,47],"tags":[1332,546],"class_list":["post-8242","post","type-post","status-publish","format-standard","has-post-thumbnail","hentry","category-minuto-a-minuto","category-zona-gris","tag-roberto-salinas-santiago","tag-santiago-yaitepec"],"jetpack_featured_media_url":"https:\/\/zonaroja.com.mx\/wp-content\/uploads\/2020\/01\/Edil-Roberto-Salinas-Santiago.jpg","jetpack_sharing_enabled":true,"_links":{"self":[{"href":"https:\/\/zonaroja.com.mx\/index.php?rest_route=\/wp\/v2\/posts\/8242","targetHints":{"allow":["GET"]}}],"collection":[{"href":"https:\/\/zonaroja.com.mx\/index.php?rest_route=\/wp\/v2\/posts"}],"about":[{"href":"https:\/\/zonaroja.com.mx\/index.php?rest_route=\/wp\/v2\/types\/post"}],"author":[{"embeddable":true,"href":"https:\/\/zonaroja.com.mx\/index.php?rest_route=\/wp\/v2\/users\/2"}],"replies":[{"embeddable":true,"href":"https:\/\/zonaroja.com.mx\/index.php?rest_route=%2Fwp%2Fv2%2Fcomments&post=8242"}],"version-history":[{"count":1,"href":"https:\/\/zonaroja.com.mx\/index.php?rest_route=\/wp\/v2\/posts\/8242\/revisions"}],"predecessor-version":[{"id":8244,"href":"https:\/\/zonaroja.com.mx\/index.php?rest_route=\/wp\/v2\/posts\/8242\/revisions\/8244"}],"wp:featuredmedia":[{"embeddable":true,"href":"https:\/\/zonaroja.com.mx\/index.php?rest_route=\/wp\/v2\/media\/8243"}],"wp:attachment":[{"href":"https:\/\/zonaroja.com.mx\/index.php?rest_route=%2Fwp%2Fv2%2Fmedia&parent=8242"}],"wp:term":[{"taxonomy":"category","embeddable":true,"href":"https:\/\/zonaroja.com.mx\/index.php?rest_route=%2Fwp%2Fv2%2Fcategories&post=8242"},{"taxonomy":"post_tag","embeddable":true,"href":"https:\/\/zonaroja.com.mx\/index.php?rest_route=%2Fwp%2Fv2%2Ftags&post=8242"}],"curies":[{"name":"wp","href":"https:\/\/api.w.org\/{rel}","templated":true}]}}