{"id":82422,"date":"2025-07-14T20:39:28","date_gmt":"2025-07-15T02:39:28","guid":{"rendered":"https:\/\/zonaroja.com.mx\/?p=82422"},"modified":"2025-07-14T20:39:29","modified_gmt":"2025-07-15T02:39:29","slug":"lunes-de-protestas-ex-burocratas-artesanos-familia-de-atropellado-y-propietarios-de-autos","status":"publish","type":"post","link":"https:\/\/zonaroja.com.mx\/?p=82422","title":{"rendered":"Lunes de protestas: ex bur\u00f3cratas, artesanos, familia de atropellado y propietarios de autos\u00a0"},"content":{"rendered":"\n<p>Lisbeth Mej\u00eda Reyes\/Zona Roja.<\/p>\n\n\n\n<p>Oaxaca, Oax., a 14 de julio de 2025.- Las protestas escalaron este lunes en el estado de Oaxaca, en donde se registraron al menos cinco manifestaciones en diferentes partes de la entidad, principalmente en la ciudad de Oaxaca.<\/p>\n\n\n\n<p>Una de las primeras fue la realizada por ex bur\u00f3cratas del gobierno estatal, quienes arribaron a la caseta de cobro de Huitzo, en la suoercarretera Oaxaca-Cuacnopalan, para exigir su reinstalaci\u00f3n en la administraci\u00f3n p\u00fablica, luego de que perdieron sus fuentes de empleo por el decreto 24 que aprob\u00f3 en diciembre el congreso local.&nbsp;<\/p>\n\n\n\n<p>Por la ma\u00f1ana, pero a las afueras del Hospital de la Mujer, en San Bartolo Coyotepec, se manifestaron empleados de salud afiliados al sindicato Fuerza Independiente de Trabajadores de la Salud (Fintras).&nbsp;<\/p>\n\n\n\n<p>Al igual que en la protesta de la semana pasada en el centro de la ciudad de Oaxaca, el grupo exig\u00eda un di\u00e1logo con la coordinaci\u00f3n estatal del programa IMSS -Bienestar, adem\u00e1s de atenci\u00f3n a las demandas del pliego petitorio nacional, entre las cuales est\u00e1 la falta de pago de d\u00edas laborados.<\/p>\n\n\n\n<p>En la ciudad de Oaxaca fueron tres las protestas que estallaron por la ma\u00f1ana. La primera fue la varios clientes de una agencia de autos, quienes llegaron a la sucursal de la concesionaria Chevrolet, en avenida Eduardo Mata.&nbsp;<\/p>\n\n\n\n<p>Con mantas y cartulinas, se manifestaron en la avenida e ingresaron a la empresa para denunciar p\u00fablicamente que son v\u00edctimas de fraude e incumplimiento de contratos, pues dejaron dinero y sus veh\u00edculod a cuenta de financiamiento para obtener otra unidad, pero hasta la fecha siguen sin recibirla y sus veh\u00edculos ya fueron vendidos.<\/p>\n\n\n\n<p>Como esta protesta, tambi\u00e9n se registr\u00f3 una frente al Palacio de Gobierno por parte de la Asociaci\u00f3n de Comunidades Ind\u00edgenas Artesanos de Oaxaca.&nbsp;<\/p>\n\n\n\n<p>Tras se\u00f1alar que sus integrantes han sido objeto de violencia digital y difamaci\u00f3n, acusaron abandono institucional para las y los artesanos en esta temporada de fiestas de Guelaguetza.&nbsp;<\/p>\n\n\n\n<p>Adem\u00e1s de se\u00f1alar que, aunque buscaban espacios de venta con el ayuntamiento capitalino, han desistido de participar en las expoferias de la temporada que organiza el ayuntamiento, al considerar que los costos son elevados y no corresponden a lo que hab\u00edan pagado a la pasada administraci\u00f3n municipal.<\/p>\n\n\n\n<p>Otra manifestaci\u00f3n, pero de parte de una familia, fue la que se registr\u00f3 frente a la catedral metropolitana.&nbsp;<\/p>\n\n\n\n<p>La familia del joven Kevin Carre\u00f1o Aguilar acus\u00f3 que polic\u00edas municipales de la capital atropellaron el pasado 2 de julio al joven Kevin Carre\u00f1o, en la agencia San Felipe del Agua.&nbsp;<\/p>\n\n\n\n<p>La madre se\u00f1al\u00f3 que a pesar de la denuncia hecha en la Fiscal\u00eda General del Estado, el caso sigue sin avanzar, por lo que exigi\u00f3 la intervenci\u00f3n del edil capitalino, Raymundo Chagoya Villanueva, por los hechos en que se vieron involucrados sus elementos.<\/p>\n","protected":false},"excerpt":{"rendered":"<p>Lisbeth Mej\u00eda Reyes\/Zona Roja. Oaxaca, Oax., a 14 de julio de 2025.- Las protestas escalaron&hellip;<\/p>\n","protected":false},"author":2,"featured_media":82423,"comment_status":"closed","ping_status":"open","sticky":false,"template":"","format":"standard","meta":{"_lmt_disableupdate":"","_lmt_disable":"","_jetpack_memberships_contains_paid_content":false,"footnotes":""},"categories":[109,47],"tags":[518],"class_list":["post-82422","post","type-post","status-publish","format-standard","has-post-thumbnail","hentry","category-minuto-a-minuto","category-zona-gris","tag-protestas-oaxaca"],"jetpack_featured_media_url":"https:\/\/zonaroja.com.mx\/wp-content\/uploads\/2025\/07\/Lunes-de-protestas-Oaxaca.jpg","jetpack_sharing_enabled":true,"_links":{"self":[{"href":"https:\/\/zonaroja.com.mx\/index.php?rest_route=\/wp\/v2\/posts\/82422","targetHints":{"allow":["GET"]}}],"collection":[{"href":"https:\/\/zonaroja.com.mx\/index.php?rest_route=\/wp\/v2\/posts"}],"about":[{"href":"https:\/\/zonaroja.com.mx\/index.php?rest_route=\/wp\/v2\/types\/post"}],"author":[{"embeddable":true,"href":"https:\/\/zonaroja.com.mx\/index.php?rest_route=\/wp\/v2\/users\/2"}],"replies":[{"embeddable":true,"href":"https:\/\/zonaroja.com.mx\/index.php?rest_route=%2Fwp%2Fv2%2Fcomments&post=82422"}],"version-history":[{"count":1,"href":"https:\/\/zonaroja.com.mx\/index.php?rest_route=\/wp\/v2\/posts\/82422\/revisions"}],"predecessor-version":[{"id":82424,"href":"https:\/\/zonaroja.com.mx\/index.php?rest_route=\/wp\/v2\/posts\/82422\/revisions\/82424"}],"wp:featuredmedia":[{"embeddable":true,"href":"https:\/\/zonaroja.com.mx\/index.php?rest_route=\/wp\/v2\/media\/82423"}],"wp:attachment":[{"href":"https:\/\/zonaroja.com.mx\/index.php?rest_route=%2Fwp%2Fv2%2Fmedia&parent=82422"}],"wp:term":[{"taxonomy":"category","embeddable":true,"href":"https:\/\/zonaroja.com.mx\/index.php?rest_route=%2Fwp%2Fv2%2Fcategories&post=82422"},{"taxonomy":"post_tag","embeddable":true,"href":"https:\/\/zonaroja.com.mx\/index.php?rest_route=%2Fwp%2Fv2%2Ftags&post=82422"}],"curies":[{"name":"wp","href":"https:\/\/api.w.org\/{rel}","templated":true}]}}