{"id":82437,"date":"2025-07-15T11:23:00","date_gmt":"2025-07-15T17:23:00","guid":{"rendered":"https:\/\/zonaroja.com.mx\/?p=82437"},"modified":"2025-07-15T07:24:26","modified_gmt":"2025-07-15T13:24:26","slug":"falla-geologica-dana-viviendas-en-nejapa-de-madero","status":"publish","type":"post","link":"https:\/\/zonaroja.com.mx\/?p=82437","title":{"rendered":"Falla geol\u00f3gica da\u00f1a viviendas en Nejapa de Madero"},"content":{"rendered":"\n<p>Raymundo Morales\/Zona Roja.<\/p>\n\n\n\n<p>Oaxaca, Oax., a 15 de julio de 2025.- Una falla geol\u00f3gica da\u00f1\u00f3 diversas viviendas en la localidad de Las \u00c1nimas, del municipio de Nejapa de Madero, por lo cual demandan la intervenci\u00f3n de las autoridades estatales.<\/p>\n\n\n\n<p>A trav\u00e9s de las redes sociales, un vecino dio a conocer las grietas que se han presentado en el suelo y que han da\u00f1ado varias casas, por lo cual demandaron la intervenci\u00f3n de Protecci\u00f3n Civil del Gobierno del Estado.<\/p>\n\n\n\n<p>En tanto, el s\u00edndico Procurador del ayuntamiento de Nejapa de Madero, Jos\u00e9 \u00c1ngel Jarqu\u00edn Espinosa, inform\u00f3 a la autoridad auxiliar de Las \u00c1nimas que se indagan las posibles causas, que podr\u00edan ser causadas por una trituradora de materiales p\u00e9treos instalada en la zona.<\/p>\n\n\n\n<p>Indic\u00f3 que ya se enviaron evidencias a la Coordinaci\u00f3n Estatal de Protecci\u00f3n Civil, quienes analizan el material enviado, con la finalidad de tomar las acciones pertinentes.<\/p>\n\n\n\n<p>Mientras tanto, inform\u00f3 que se acordon\u00f3 la zona de la gravera para impedir el paso a toda persona, con la finalidad de evitar riesgos mayores o tragedias.<\/p>\n","protected":false},"excerpt":{"rendered":"<p>Raymundo Morales\/Zona Roja. Oaxaca, Oax., a 15 de julio de 2025.- Una falla geol\u00f3gica da\u00f1\u00f3&hellip;<\/p>\n","protected":false},"author":2,"featured_media":82438,"comment_status":"closed","ping_status":"open","sticky":false,"template":"","format":"standard","meta":{"_lmt_disableupdate":"","_lmt_disable":"","_jetpack_memberships_contains_paid_content":false,"footnotes":""},"categories":[109,47],"tags":[3844],"class_list":["post-82437","post","type-post","status-publish","format-standard","has-post-thumbnail","hentry","category-minuto-a-minuto","category-zona-gris","tag-nejapa-de-madero"],"jetpack_featured_media_url":"https:\/\/zonaroja.com.mx\/wp-content\/uploads\/2025\/07\/Danos-viviendas-Nejapa-de-Madero.jpg","jetpack_sharing_enabled":true,"_links":{"self":[{"href":"https:\/\/zonaroja.com.mx\/index.php?rest_route=\/wp\/v2\/posts\/82437","targetHints":{"allow":["GET"]}}],"collection":[{"href":"https:\/\/zonaroja.com.mx\/index.php?rest_route=\/wp\/v2\/posts"}],"about":[{"href":"https:\/\/zonaroja.com.mx\/index.php?rest_route=\/wp\/v2\/types\/post"}],"author":[{"embeddable":true,"href":"https:\/\/zonaroja.com.mx\/index.php?rest_route=\/wp\/v2\/users\/2"}],"replies":[{"embeddable":true,"href":"https:\/\/zonaroja.com.mx\/index.php?rest_route=%2Fwp%2Fv2%2Fcomments&post=82437"}],"version-history":[{"count":1,"href":"https:\/\/zonaroja.com.mx\/index.php?rest_route=\/wp\/v2\/posts\/82437\/revisions"}],"predecessor-version":[{"id":82439,"href":"https:\/\/zonaroja.com.mx\/index.php?rest_route=\/wp\/v2\/posts\/82437\/revisions\/82439"}],"wp:featuredmedia":[{"embeddable":true,"href":"https:\/\/zonaroja.com.mx\/index.php?rest_route=\/wp\/v2\/media\/82438"}],"wp:attachment":[{"href":"https:\/\/zonaroja.com.mx\/index.php?rest_route=%2Fwp%2Fv2%2Fmedia&parent=82437"}],"wp:term":[{"taxonomy":"category","embeddable":true,"href":"https:\/\/zonaroja.com.mx\/index.php?rest_route=%2Fwp%2Fv2%2Fcategories&post=82437"},{"taxonomy":"post_tag","embeddable":true,"href":"https:\/\/zonaroja.com.mx\/index.php?rest_route=%2Fwp%2Fv2%2Ftags&post=82437"}],"curies":[{"name":"wp","href":"https:\/\/api.w.org\/{rel}","templated":true}]}}